{"id":135281,"date":"2025-06-28T11:49:08","date_gmt":"2025-06-28T14:49:08","guid":{"rendered":"https:\/\/onordeste.com.br\/?p=135236"},"modified":"2025-06-28T11:49:08","modified_gmt":"2025-06-28T14:49:08","slug":"camara-define-comissao-de-recesso","status":"publish","type":"post","link":"https:\/\/iparaiba.com.br\/index.php\/2025\/06\/28\/camara-define-comissao-de-recesso\/","title":{"rendered":"C\u00e2mara define Comiss\u00e3o de Recesso"},"content":{"rendered":"<p style=\"font-weight: 400;\">Uma Comiss\u00e3o de Recesso vai dar continuidade aos trabalhos da C\u00e2mara Municipal de Jo\u00e3o Pessoa (CMJP), durante o recesso legislativo, no per\u00edodo de 20 de junho a 30 de julho. Pelo ato da Mesa Diretora, publicado no Seman\u00e1rio Oficial do Poder Legislativo, nesta sexta feira (27), a composi\u00e7\u00e3o do colegiado foi formalizada da seguinte forma: Dinho Dowsley (PSD), Eliza Virg\u00ednia (PP), Marcos Hneriques (PT), Odon Bezerra (PSB), Durval Ferreira (PL), Dam\u00e1sio Franca (PP), Milanez Neto (MDB) e F\u00e1bio Carneiro (Solidariedade).<\/p>\n<p style=\"font-weight: 400;\">A comiss\u00e3o representativa pode exercer a compet\u00eancia administrativa em caso de urg\u00eancia ou na aus\u00eancia ou impedimento dos membros da Mesa Diretora, al\u00e9m de representar a C\u00e2mara em eventos e exercer outras atribui\u00e7\u00f5es de car\u00e1ter urgente, que n\u00e3o possam aguardar o in\u00edcio do per\u00edodo legislativo seguinte.<\/p>\n<p style=\"font-weight: 400;\">Seguindo o Regimento Interno da Casa (Art. 80, \u00a7 3\u00ba), a forma\u00e7\u00e3o da Comiss\u00e3o de Recesso respeita alguns preceitos, sendo constitu\u00edda \u201cobedecendo ao crit\u00e9rio da proporcionalidade dos partidos pol\u00edticos ou blocos partid\u00e1rios com assento na C\u00e2mara, por indica\u00e7\u00e3o das respectivas lideran\u00e7as, com n\u00famero nunca inferior a sete membros\u201d.<\/p>\n<p style=\"font-weight: 400;\">Tamb\u00e9m compete \u00e0 Comiss\u00e3o de Recesso zelar pelas prerrogativas do Poder Legislativo e convocar, com o voto da maioria dos membros, secret\u00e1rios municipais para fornecer pessoalmente informa\u00e7\u00f5es sobre assuntos compreendidos na \u00e1rea respectiva, previamente estabelecidos (Art. 80, \u00a7 3\u00ba, incisos I e II).<\/p>\n<p style=\"font-weight: 400;\">Conforme salientou o presidente da Casa, Dinho Dowsley, durante o recesso parlamentar o expediente administrativo da Casa continua.<\/p>\n<p>CMJP<\/p>\n","protected":false},"excerpt":{"rendered":"<p>Uma Comiss\u00e3o de Recesso vai dar continuidade aos trabalhos da C\u00e2mara Municipal de Jo\u00e3o Pessoa (CMJP), durante o recesso legislativo, no per\u00edodo de 20 de junho a 30 de julho. Pelo ato da Mesa Diretora, publicado no Seman\u00e1rio Oficial do Poder Legislativo, nesta sexta feira (27), a composi\u00e7\u00e3o do colegiado foi formalizada da seguinte forma: &hellip;<\/p>\n","protected":false},"author":1,"featured_media":97717,"comment_status":"open","ping_status":"open","sticky":false,"template":"","format":"standard","meta":{"footnotes":""},"categories":[8],"tags":[],"class_list":["post-135281","post","type-post","status-publish","format-standard","has-post-thumbnail","hentry","category-politica"],"_links":{"self":[{"href":"https:\/\/iparaiba.com.br\/index.php\/wp-json\/wp\/v2\/posts\/135281","targetHints":{"allow":["GET"]}}],"collection":[{"href":"https:\/\/iparaiba.com.br\/index.php\/wp-json\/wp\/v2\/posts"}],"about":[{"href":"https:\/\/iparaiba.com.br\/index.php\/wp-json\/wp\/v2\/types\/post"}],"author":[{"embeddable":true,"href":"https:\/\/iparaiba.com.br\/index.php\/wp-json\/wp\/v2\/users\/1"}],"replies":[{"embeddable":true,"href":"https:\/\/iparaiba.com.br\/index.php\/wp-json\/wp\/v2\/comments?post=135281"}],"version-history":[{"count":0,"href":"https:\/\/iparaiba.com.br\/index.php\/wp-json\/wp\/v2\/posts\/135281\/revisions"}],"wp:featuredmedia":[{"embeddable":true,"href":"https:\/\/iparaiba.com.br\/index.php\/wp-json\/wp\/v2\/media\/97717"}],"wp:attachment":[{"href":"https:\/\/iparaiba.com.br\/index.php\/wp-json\/wp\/v2\/media?parent=135281"}],"wp:term":[{"taxonomy":"category","embeddable":true,"href":"https:\/\/iparaiba.com.br\/index.php\/wp-json\/wp\/v2\/categories?post=135281"},{"taxonomy":"post_tag","embeddable":true,"href":"https:\/\/iparaiba.com.br\/index.php\/wp-json\/wp\/v2\/tags?post=135281"}],"curies":[{"name":"wp","href":"https:\/\/api.w.org\/{rel}","templated":true}]}}