{"id":135277,"date":"2025-06-30T16:00:55","date_gmt":"2025-06-30T19:00:55","guid":{"rendered":"https:\/\/onordeste.com.br\/?p=135277"},"modified":"2025-06-30T16:00:55","modified_gmt":"2025-06-30T19:00:55","slug":"stf-abre-fase-de-alegacoes-finais-em-acao-penal-sobre-tentativa-de-golpe-de-estado","status":"publish","type":"post","link":"https:\/\/iparaiba.com.br\/index.php\/2025\/06\/30\/stf-abre-fase-de-alegacoes-finais-em-acao-penal-sobre-tentativa-de-golpe-de-estado\/","title":{"rendered":"STF abre fase de alega\u00e7\u00f5es finais em a\u00e7\u00e3o penal sobre tentativa de golpe de Estado"},"content":{"rendered":"<p>O ministro Alexandre de Moraes, do Supremo Tribunal Federal (STF), determinou, nesta sexta-feira (27), a intima\u00e7\u00e3o das partes para a apresenta\u00e7\u00e3o das alega\u00e7\u00f5es finais na A\u00e7\u00e3o Penal (AP) 2668, que apura a atua\u00e7\u00e3o do N\u00facleo 1 na suposta tentativa de golpe de Estado. Trata-se da \u00faltima etapa na tramita\u00e7\u00e3o do processo, antes do seu julgamento. As partes \u2014 acusa\u00e7\u00e3o e defesas \u2014 ter\u00e3o 15 dias, sucessivamente, para apresentar suas \u00faltimas manifesta\u00e7\u00f5es sobre o caso.<\/p>\n<p>Em seu despacho, o ministro declarou encerrada a instru\u00e7\u00e3o processual penal, fase em que s\u00e3o produzidas as provas perante o Judici\u00e1rio. Nesse per\u00edodo, foram ouvidas as testemunhas, interrogados os r\u00e9us e realizadas todas as dilig\u00eancias solicitadas pela Procuradoria-Geral da Rep\u00fablica (PGR) e pelas defesas, devidamente autorizadas pelo relator.<\/p>\n<p>O prazo de 15 dias para as alega\u00e7\u00f5es finais \u00e9 contado de forma sucessiva, iniciando-se para a PGR. Ap\u00f3s a apresenta\u00e7\u00e3o das alega\u00e7\u00f5es pela PGR, a defesa do r\u00e9u tenente-coronel Mauro Cid ter\u00e1 15 dias para sua manifesta\u00e7\u00e3o. Como o militar firmou acordo de colabora\u00e7\u00e3o premiada, deve se manifestar antes dos demais r\u00e9us. Por fim, o restante das defesas ter\u00e1 um prazo conjunto de mais 15 dias para apresentar suas alega\u00e7\u00f5es.<\/p>\n<p>Os prazos n\u00e3o ser\u00e3o suspensos durante o recesso do Judici\u00e1rio, de 2 a 31 de julho, j\u00e1 que um dos r\u00e9us, o general e ex-ministro Walter Braga Netto, est\u00e1 preso.<\/p>\n<p><strong>N\u00facleo 1<\/strong><\/p>\n<p>S\u00e3o r\u00e9us na a\u00e7\u00e3o penal o ex-presidente da Rep\u00fablica Jair Bolsonaro e outras sete pessoas: Alexandre Ramagem (deputado federal e ex-diretor da Abin), Almir Garnier Santos (ex-comandante da Marinha), Anderson Torres (ex-ministro da Justi\u00e7a), Augusto Heleno (ex-chefe do Gabinete de Seguran\u00e7a Institucional), Mauro Cid (ex-ajudante de ordens da Presid\u00eancia), Paulo S\u00e9rgio Nogueira (ex-ministro da Defesa) e Walter Braga Netto (ex-ministro da Defesa e da Casa Civil). O grupo \u00e9 considerado pela PGR como \u201cn\u00facleo crucial\u201d da tentativa de golpe, e a den\u00fancia contra ele foi recebida pela Primeira Turma do STF em mar\u00e7o.<\/p>\n<p>Todos foram denunciados por cinco crimes: tentativa de aboli\u00e7\u00e3o violenta do Estado Democr\u00e1tico de Direito, tentativa de golpe de Estado, participa\u00e7\u00e3o em organiza\u00e7\u00e3o criminosa armada, dano qualificado e deteriora\u00e7\u00e3o de patrim\u00f4nio tombado.<\/p>\n<p>Leia a\u00a0<a href=\"https:\/\/portal.stf.jus.br\/processos\/downloadPeca.asp?id=15378169005&amp;ext=.pdf\">\u00edntegra do despacho<\/a>.<\/p>\n<p class=\"has-small-font-size\">(Lucas Mendes\/AD)<\/p>\n","protected":false},"excerpt":{"rendered":"<p>O ministro Alexandre de Moraes, do Supremo Tribunal Federal (STF), determinou, nesta sexta-feira (27), a intima\u00e7\u00e3o das partes para a apresenta\u00e7\u00e3o das alega\u00e7\u00f5es finais na A\u00e7\u00e3o Penal (AP) 2668, que apura a atua\u00e7\u00e3o do N\u00facleo 1 na suposta tentativa de golpe de Estado. Trata-se da \u00faltima etapa na tramita\u00e7\u00e3o do processo, antes do seu julgamento. &hellip;<\/p>\n","protected":false},"author":1,"featured_media":107952,"comment_status":"open","ping_status":"open","sticky":false,"template":"","format":"standard","meta":{"footnotes":""},"categories":[10],"tags":[],"class_list":["post-135277","post","type-post","status-publish","format-standard","has-post-thumbnail","hentry","category-manchetes"],"_links":{"self":[{"href":"https:\/\/iparaiba.com.br\/index.php\/wp-json\/wp\/v2\/posts\/135277","targetHints":{"allow":["GET"]}}],"collection":[{"href":"https:\/\/iparaiba.com.br\/index.php\/wp-json\/wp\/v2\/posts"}],"about":[{"href":"https:\/\/iparaiba.com.br\/index.php\/wp-json\/wp\/v2\/types\/post"}],"author":[{"embeddable":true,"href":"https:\/\/iparaiba.com.br\/index.php\/wp-json\/wp\/v2\/users\/1"}],"replies":[{"embeddable":true,"href":"https:\/\/iparaiba.com.br\/index.php\/wp-json\/wp\/v2\/comments?post=135277"}],"version-history":[{"count":1,"href":"https:\/\/iparaiba.com.br\/index.php\/wp-json\/wp\/v2\/posts\/135277\/revisions"}],"predecessor-version":[{"id":135300,"href":"https:\/\/iparaiba.com.br\/index.php\/wp-json\/wp\/v2\/posts\/135277\/revisions\/135300"}],"wp:featuredmedia":[{"embeddable":true,"href":"https:\/\/iparaiba.com.br\/index.php\/wp-json\/wp\/v2\/media\/107952"}],"wp:attachment":[{"href":"https:\/\/iparaiba.com.br\/index.php\/wp-json\/wp\/v2\/media?parent=135277"}],"wp:term":[{"taxonomy":"category","embeddable":true,"href":"https:\/\/iparaiba.com.br\/index.php\/wp-json\/wp\/v2\/categories?post=135277"},{"taxonomy":"post_tag","embeddable":true,"href":"https:\/\/iparaiba.com.br\/index.php\/wp-json\/wp\/v2\/tags?post=135277"}],"curies":[{"name":"wp","href":"https:\/\/api.w.org\/{rel}","templated":true}]}}