{"id":135273,"date":"2025-06-30T12:00:18","date_gmt":"2025-06-30T15:00:18","guid":{"rendered":"https:\/\/onordeste.com.br\/?p=135273"},"modified":"2025-06-30T12:00:18","modified_gmt":"2025-06-30T15:00:18","slug":"casa-da-vacina-completa-um-ano-com-mais-de-22-mil-doses-aplicadas","status":"publish","type":"post","link":"https:\/\/iparaiba.com.br\/index.php\/2025\/06\/30\/casa-da-vacina-completa-um-ano-com-mais-de-22-mil-doses-aplicadas\/","title":{"rendered":"Casa da Vacina completa um ano com mais de 22 mil doses aplicadas"},"content":{"rendered":"<p>A Casa da Vacina, inaugurada pela Prefeitura de Campina Grande em junho de 2024, completou um ano de funcionamento com um resultado expressivo: 22.567 doses aplicadas no per\u00edodo. O servi\u00e7o, instalado no Hospital Municipal Pedro I, se destaca pelo funcionamento di\u00e1rio \u2014 inclusive aos s\u00e1bados, domingos e feriados \u2014 das 8h \u00e0s 20h, oferecendo todos os imunizantes previstos no Calend\u00e1rio Nacional de Vacina\u00e7\u00e3o.<\/p>\n<p>A iniciativa teve como objetivo ampliar o acesso da popula\u00e7\u00e3o \u00e0s vacinas, especialmente para pessoas com hist\u00f3rico de alergia a componentes dos imunizantes, que necessitam de aplica\u00e7\u00e3o em ambiente hospitalar com suporte m\u00e9dico. Al\u00e9m disso, o espa\u00e7o tamb\u00e9m passou a ofertar a vacina\u00e7\u00e3o antirr\u00e1bica para humanos, anteriormente dispon\u00edvel apenas no Centro de Sa\u00fade Francisco Pinto.<\/p>\n<p>Ao longo de 12 meses, a Casa da Vacina consolidou-se como mais um pilar da pol\u00edtica de sa\u00fade preventiva do munic\u00edpio, fortalecendo o reconhecimento de Campina Grande como cidade-modelo em imuniza\u00e7\u00e3o. A cidade j\u00e1 vinha se destacando por iniciativas como a Busca Ativa Vacinal (BAV), em parceria com o UNICEF, que contribuiu para aumentar em at\u00e9 80% as coberturas vacinais entre crian\u00e7as menores de cinco anos.<\/p>\n<p>A coordenadora municipal de Imuniza\u00e7\u00e3o, Samira Luna, ressalta que a proposta da Casa da Vacina \u00e9 justamente garantir mais acesso e seguran\u00e7a. \u201c\u00c9 uma amplia\u00e7\u00e3o do acesso para todas as pessoas, com hor\u00e1rio estendido e suporte hospitalar, o que possibilita atendimento seguro para quem tem hist\u00f3rico de alergia, por exemplo\u201d, destacou.<\/p>\n<p>O sucesso do servi\u00e7o tamb\u00e9m reflete o trabalho di\u00e1rio e dedicado das equipes de sa\u00fade. Enfermeiros, t\u00e9cnicos e demais profissionais atuam com comprometimento para garantir que cada dose aplicada seja um passo a mais na prote\u00e7\u00e3o coletiva.<\/p>\n<p>Com um ano de funcionamento, a Casa da Vacina reafirma o compromisso da gest\u00e3o municipal com a sa\u00fade p\u00fablica, prevenindo doen\u00e7as, salvando vidas e aproximando ainda mais os servi\u00e7os de quem mais precisa.<\/p>\n<p>Codecom<\/p>\n","protected":false},"excerpt":{"rendered":"<p>A Casa da Vacina, inaugurada pela Prefeitura de Campina Grande em junho de 2024, completou um ano de funcionamento com um resultado expressivo: 22.567 doses aplicadas no per\u00edodo. O servi\u00e7o, instalado no Hospital Municipal Pedro I, se destaca pelo funcionamento di\u00e1rio \u2014 inclusive aos s\u00e1bados, domingos e feriados \u2014 das 8h \u00e0s 20h, oferecendo todos &hellip;<\/p>\n","protected":false},"author":1,"featured_media":111061,"comment_status":"open","ping_status":"open","sticky":false,"template":"","format":"standard","meta":{"footnotes":""},"categories":[2],"tags":[],"class_list":["post-135273","post","type-post","status-publish","format-standard","has-post-thumbnail","hentry","category-saude"],"_links":{"self":[{"href":"https:\/\/iparaiba.com.br\/index.php\/wp-json\/wp\/v2\/posts\/135273","targetHints":{"allow":["GET"]}}],"collection":[{"href":"https:\/\/iparaiba.com.br\/index.php\/wp-json\/wp\/v2\/posts"}],"about":[{"href":"https:\/\/iparaiba.com.br\/index.php\/wp-json\/wp\/v2\/types\/post"}],"author":[{"embeddable":true,"href":"https:\/\/iparaiba.com.br\/index.php\/wp-json\/wp\/v2\/users\/1"}],"replies":[{"embeddable":true,"href":"https:\/\/iparaiba.com.br\/index.php\/wp-json\/wp\/v2\/comments?post=135273"}],"version-history":[{"count":1,"href":"https:\/\/iparaiba.com.br\/index.php\/wp-json\/wp\/v2\/posts\/135273\/revisions"}],"predecessor-version":[{"id":135298,"href":"https:\/\/iparaiba.com.br\/index.php\/wp-json\/wp\/v2\/posts\/135273\/revisions\/135298"}],"wp:featuredmedia":[{"embeddable":true,"href":"https:\/\/iparaiba.com.br\/index.php\/wp-json\/wp\/v2\/media\/111061"}],"wp:attachment":[{"href":"https:\/\/iparaiba.com.br\/index.php\/wp-json\/wp\/v2\/media?parent=135273"}],"wp:term":[{"taxonomy":"category","embeddable":true,"href":"https:\/\/iparaiba.com.br\/index.php\/wp-json\/wp\/v2\/categories?post=135273"},{"taxonomy":"post_tag","embeddable":true,"href":"https:\/\/iparaiba.com.br\/index.php\/wp-json\/wp\/v2\/tags?post=135273"}],"curies":[{"name":"wp","href":"https:\/\/api.w.org\/{rel}","templated":true}]}}