{"id":135272,"date":"2025-06-30T10:00:10","date_gmt":"2025-06-30T13:00:10","guid":{"rendered":"https:\/\/onordeste.com.br\/?p=135271"},"modified":"2025-06-30T10:00:10","modified_gmt":"2025-06-30T13:00:10","slug":"prorrogadas-inscricoes-do-edital-ze-laurentino","status":"publish","type":"post","link":"https:\/\/iparaiba.com.br\/index.php\/2025\/06\/30\/prorrogadas-inscricoes-do-edital-ze-laurentino\/","title":{"rendered":"Prorrogadas inscri\u00e7\u00f5es do \u201cEdital Z\u00e9 Laurentino\u201d"},"content":{"rendered":"<p>As inscri\u00e7\u00f5es para o \u201cEdital Poeta Z\u00e9 Laurentino\u201d, em homenagem ao grande poeta paraibano, foram prorrogadas pela Prefeitura de Campina Grande, atrav\u00e9s da Secretaria de Cultura (Secult). Ele integra as a\u00e7\u00f5es da Pol\u00edtica Nacional Aldir Blanc (PNAB) no munic\u00edpio, e far\u00e1 uma inje\u00e7\u00e3o econ\u00f4mica de R$ 720 mil na cidade.<\/p>\n<p>As inscri\u00e7\u00f5es podem ser feitas agora at\u00e9 o dia 4 de julho pela plataforma Prosas:\u00a0<strong><a href=\"https:\/\/prosas.com.br\/editais\/15597-edital-poeta-z-laurentino-cultura-viva-campina-grande-pb\">https:\/\/prosas.com.br\/editais\/15597-edital-poeta-z-laurentino-cultura-viva-campina-grande-pb<\/a><\/strong><\/p>\n<p>O Edital visa premiar projetos, iniciativas, atividades ou a\u00e7\u00f5es de pontos de cultura da Rainha da Borborema, tendo por base a Pol\u00edtica Nacional de Cultura Viva (PNCV). Ao todo, ser\u00e3o 24 premiados, entre entidades e coletivos, em R$ 30 mil cada.<\/p>\n<p><strong>Pontos de Cultura<\/strong><\/p>\n<p>De acordo com a Lei Cultura Viva, s\u00e3o definidos como Pontos de Cultura \u201cEntidades jur\u00eddicas de direito privado sem fins lucrativos, grupos ou coletivos sem constitui\u00e7\u00e3o jur\u00eddica, de natureza ou finalidade cultural, que desenvolvam e articulem atividades culturais em suas comunidades\u201d.<\/p>\n<p><strong>O Poeta Z\u00e9 Laurentino<\/strong><\/p>\n<p>Jos\u00e9 Laurentino da Silva, conhecido como Z\u00e9 Laurentino, foi um poeta popular brasileiro, nascido em 1943, no munic\u00edpio de Puxinan\u00e3 (PB). O destaque em sua carreira art\u00edstica se deu pelo retrato em sua poesia da vida no Sert\u00e3o Nordestino com humor e um olhar carinhoso para o povo. \u201cZ\u00e9\u201d integrou uma cadeira na Academia de Letras de Campina Grande, e viveu at\u00e9 os 73, morrendo em 2016 na Rainha da Borborema.<\/p>\n<p><strong>Cronograma<\/strong><\/p>\n<p>Per\u00edodo de Inscri\u00e7\u00e3o at\u00e9 \u00e0s 18h do<br \/>\ndia 04 de julho de 2025<\/p>\n<p>Avalia\u00e7\u00e3o da Comiss\u00e3o de Sele\u00e7\u00e3o \/ Comiss\u00e3o de Heteroidentifica\u00e7\u00e3o e Biopsicossocial<br \/>\nDe 07 a 24 de julho de 2025<\/p>\n<p>Divulga\u00e7\u00e3o do Resultado Preliminar da Etapa de Sele\u00e7\u00e3o<br \/>\n25 de julho de 2025<\/p>\n<p>Per\u00edodo para Interposi\u00e7\u00e3o de Recursos<br \/>\nDe 28 a 30 de julho de 2025<\/p>\n<p>Divulga\u00e7\u00e3o do Resultado Definitivo da Etapa de Sele\u00e7\u00e3o<br \/>\n01 de agosto de 2025<\/p>\n<p>Per\u00edodo da Fase de Habilita\u00e7\u00e3o (Apresenta\u00e7\u00e3o Documental)<br \/>\nDe 04 a 14 de agosto de 2025<\/p>\n<p>Divulga\u00e7\u00e3o do Resultado Preliminar da Fase de Classifica\u00e7\u00e3o Final<br \/>\n15 de agosto de 2025<\/p>\n<p>Per\u00edodo para Interposi\u00e7\u00e3o de Recursos<br \/>\nDe 18 a 20 de agosto de 2025<\/p>\n<p>Per\u00edodo de Classifica\u00e7\u00e3o Final e Convoca\u00e7\u00e3o para Etapa de Premia\u00e7\u00e3o<br \/>\nDe 22 de agosto a 05 de setembro.<\/p>\n<p>Codecom<\/p>\n","protected":false},"excerpt":{"rendered":"<p>As inscri\u00e7\u00f5es para o \u201cEdital Poeta Z\u00e9 Laurentino\u201d, em homenagem ao grande poeta paraibano, foram prorrogadas pela Prefeitura de Campina Grande, atrav\u00e9s da Secretaria de Cultura (Secult). Ele integra as a\u00e7\u00f5es da Pol\u00edtica Nacional Aldir Blanc (PNAB) no munic\u00edpio, e far\u00e1 uma inje\u00e7\u00e3o econ\u00f4mica de R$ 720 mil na cidade. As inscri\u00e7\u00f5es podem ser feitas &hellip;<\/p>\n","protected":false},"author":1,"featured_media":100390,"comment_status":"open","ping_status":"open","sticky":false,"template":"","format":"standard","meta":{"footnotes":""},"categories":[6],"tags":[],"class_list":["post-135272","post","type-post","status-publish","format-standard","has-post-thumbnail","hentry","category-destaques"],"_links":{"self":[{"href":"https:\/\/iparaiba.com.br\/index.php\/wp-json\/wp\/v2\/posts\/135272","targetHints":{"allow":["GET"]}}],"collection":[{"href":"https:\/\/iparaiba.com.br\/index.php\/wp-json\/wp\/v2\/posts"}],"about":[{"href":"https:\/\/iparaiba.com.br\/index.php\/wp-json\/wp\/v2\/types\/post"}],"author":[{"embeddable":true,"href":"https:\/\/iparaiba.com.br\/index.php\/wp-json\/wp\/v2\/users\/1"}],"replies":[{"embeddable":true,"href":"https:\/\/iparaiba.com.br\/index.php\/wp-json\/wp\/v2\/comments?post=135272"}],"version-history":[{"count":1,"href":"https:\/\/iparaiba.com.br\/index.php\/wp-json\/wp\/v2\/posts\/135272\/revisions"}],"predecessor-version":[{"id":135297,"href":"https:\/\/iparaiba.com.br\/index.php\/wp-json\/wp\/v2\/posts\/135272\/revisions\/135297"}],"wp:featuredmedia":[{"embeddable":true,"href":"https:\/\/iparaiba.com.br\/index.php\/wp-json\/wp\/v2\/media\/100390"}],"wp:attachment":[{"href":"https:\/\/iparaiba.com.br\/index.php\/wp-json\/wp\/v2\/media?parent=135272"}],"wp:term":[{"taxonomy":"category","embeddable":true,"href":"https:\/\/iparaiba.com.br\/index.php\/wp-json\/wp\/v2\/categories?post=135272"},{"taxonomy":"post_tag","embeddable":true,"href":"https:\/\/iparaiba.com.br\/index.php\/wp-json\/wp\/v2\/tags?post=135272"}],"curies":[{"name":"wp","href":"https:\/\/api.w.org\/{rel}","templated":true}]}}