{"id":135268,"date":"2025-06-29T16:00:23","date_gmt":"2025-06-29T19:00:23","guid":{"rendered":"https:\/\/onordeste.com.br\/?p=135262"},"modified":"2025-06-29T16:00:23","modified_gmt":"2025-06-29T19:00:23","slug":"novos-peritos-medicos-nas-agencias-da-previdencia-social","status":"publish","type":"post","link":"https:\/\/iparaiba.com.br\/index.php\/2025\/06\/29\/novos-peritos-medicos-nas-agencias-da-previdencia-social\/","title":{"rendered":"Novos peritos m\u00e9dicos nas Ag\u00eancias da Previd\u00eancia Social"},"content":{"rendered":"<p>O resultado do concurso para perito m\u00e9dico federal foi divulgado no Di\u00e1rio Oficial da Uni\u00e3o nesta segunda-feira, 23 de junho. A lista traz 768 candidatos classificados \u2013 destes, 250 est\u00e3o aprovados para atuar em todas as regi\u00f5es do Brasil. A Regi\u00e3o Nordeste vai receber 159 novos profissionais (mais de 60%)\u00a0\u2013 e a Para\u00edba ter\u00e1 seis vagas, nos munic\u00edpios de Cajazeiras, Monteiro e Patos. A chegada dos 6 novos profissionais aumentar\u00e1 em 7,5% a capacidade operacional da per\u00edcia no estado.<\/p>\n<p>A distribui\u00e7\u00e3o de vagas por estado foi feita de acordo com a demanda, considerando o tempo m\u00e9dio de espera por uma per\u00edcia m\u00e9dica e a localiza\u00e7\u00e3o estrat\u00e9gica para a realiza\u00e7\u00e3o dos atendimentos. A previs\u00e3o \u00e9 de que, at\u00e9 15 de agosto, todos os aprovados estejam em exerc\u00edcio nas Ag\u00eancias da Previd\u00eancia Social (APS), ap\u00f3s passarem por um per\u00edodo de treinamento.<\/p>\n<p>Os candidatos aprovados ter\u00e3o agora um prazo de cinco dias para escolher a cidade onde ir\u00e3o trabalhar\u00a0\u2013 enumerando sua ordem de prefer\u00eancia dentre as unidades de lota\u00e7\u00e3o. As prefer\u00eancias ser\u00e3o atendidas conforme a classifica\u00e7\u00e3o no concurso. Os passos seguintes s\u00e3o a nomea\u00e7\u00e3o, que ocorrer\u00e1 ap\u00f3s a defini\u00e7\u00e3o das cidades dos aprovados, e a posse.<\/p>\n<p>O ministro da Previd\u00eancia Social, Wolney Queiroz, disse estar confiante nos resultados que vir\u00e3o com a convoca\u00e7\u00e3o dos novos servidores. \u201cOs novos peritos m\u00e9dicos ir\u00e3o trabalhar nos locais em que as pessoas mais precisam, onde a espera para a realiza\u00e7\u00e3o de uma per\u00edcia \u00e9 maior. A chegada desses profissionais \u00e9 muito esperada e vai melhorar bastante o atendimento na ponta aos nossos segurados\u201d, declarou o ministro, lembrando que o concurso para esta carreira n\u00e3o era realizado h\u00e1 quase 15 anos.<\/p>\n<p>Al\u00e9m das 250 vagas preenchidas neste primeiro momento, o governo federal deve autorizar nos pr\u00f3ximos dias a nomea\u00e7\u00e3o de mais 250 nomes do cadastro reserva, somando 500 peritos m\u00e9dicos. Quase 14 mil candidatos participaram do concurso, realizado no dia 16 de fevereiro pelo Cebraspe\u00a0\u2013 Centro Brasileiro de Pesquisa em Avalia\u00e7\u00e3o e Sele\u00e7\u00e3o e de Promo\u00e7\u00e3o de Eventos.<\/p>\n<p><strong>Confira abaixo a distribui\u00e7\u00e3o das vagas nos munic\u00edpios da Para\u00edba:<\/strong><\/p>\n<figure class=\"wp-block-table\">\n<table class=\"has-fixed-layout\">\n<tbody>\n<tr>\n<td colspan=\"4\">Quantidade de Novos Peritos por Munic\u00edpio<\/td>\n<\/tr>\n<tr>\n<td>UF<\/td>\n<td>Estados Atendidos<\/td>\n<td>Munic\u00edpios Atendidos<\/td>\n<td>Quantidade de Novos Peritos<\/td>\n<\/tr>\n<tr>\n<td>PB<\/td>\n<td>Para\u00edba<\/td>\n<td>Cajazeiras<\/td>\n<td>1<\/td>\n<\/tr>\n<tr>\n<td>PB<\/td>\n<td>Para\u00edba<\/td>\n<td>Monteiro<\/td>\n<td>2<\/td>\n<\/tr>\n<tr>\n<td>PB<\/td>\n<td>Para\u00edba<\/td>\n<td>Patos<\/td>\n<td>3<\/td>\n<\/tr>\n<\/tbody>\n<\/table>\n<\/figure>\n<p><strong><em>Ag\u00eancia Gov<\/em><\/strong><\/p>\n","protected":false},"excerpt":{"rendered":"<p>O resultado do concurso para perito m\u00e9dico federal foi divulgado no Di\u00e1rio Oficial da Uni\u00e3o nesta segunda-feira, 23 de junho. A lista traz 768 candidatos classificados \u2013 destes, 250 est\u00e3o aprovados para atuar em todas as regi\u00f5es do Brasil. A Regi\u00e3o Nordeste vai receber 159 novos profissionais (mais de 60%)\u00a0\u2013 e a Para\u00edba ter\u00e1 seis &hellip;<\/p>\n","protected":false},"author":1,"featured_media":97530,"comment_status":"open","ping_status":"open","sticky":false,"template":"","format":"standard","meta":{"footnotes":""},"categories":[7],"tags":[],"class_list":["post-135268","post","type-post","status-publish","format-standard","has-post-thumbnail","hentry","category-diversas"],"_links":{"self":[{"href":"https:\/\/iparaiba.com.br\/index.php\/wp-json\/wp\/v2\/posts\/135268","targetHints":{"allow":["GET"]}}],"collection":[{"href":"https:\/\/iparaiba.com.br\/index.php\/wp-json\/wp\/v2\/posts"}],"about":[{"href":"https:\/\/iparaiba.com.br\/index.php\/wp-json\/wp\/v2\/types\/post"}],"author":[{"embeddable":true,"href":"https:\/\/iparaiba.com.br\/index.php\/wp-json\/wp\/v2\/users\/1"}],"replies":[{"embeddable":true,"href":"https:\/\/iparaiba.com.br\/index.php\/wp-json\/wp\/v2\/comments?post=135268"}],"version-history":[{"count":1,"href":"https:\/\/iparaiba.com.br\/index.php\/wp-json\/wp\/v2\/posts\/135268\/revisions"}],"predecessor-version":[{"id":135293,"href":"https:\/\/iparaiba.com.br\/index.php\/wp-json\/wp\/v2\/posts\/135268\/revisions\/135293"}],"wp:featuredmedia":[{"embeddable":true,"href":"https:\/\/iparaiba.com.br\/index.php\/wp-json\/wp\/v2\/media\/97530"}],"wp:attachment":[{"href":"https:\/\/iparaiba.com.br\/index.php\/wp-json\/wp\/v2\/media?parent=135268"}],"wp:term":[{"taxonomy":"category","embeddable":true,"href":"https:\/\/iparaiba.com.br\/index.php\/wp-json\/wp\/v2\/categories?post=135268"},{"taxonomy":"post_tag","embeddable":true,"href":"https:\/\/iparaiba.com.br\/index.php\/wp-json\/wp\/v2\/tags?post=135268"}],"curies":[{"name":"wp","href":"https:\/\/api.w.org\/{rel}","templated":true}]}}