{"id":135267,"date":"2025-06-29T14:00:56","date_gmt":"2025-06-29T17:00:56","guid":{"rendered":"https:\/\/onordeste.com.br\/?p=135260"},"modified":"2025-06-29T14:00:56","modified_gmt":"2025-06-29T17:00:56","slug":"pm-apreende-espingarda-ao-interceptar-suspeito-de-moto","status":"publish","type":"post","link":"https:\/\/iparaiba.com.br\/index.php\/2025\/06\/29\/pm-apreende-espingarda-ao-interceptar-suspeito-de-moto\/","title":{"rendered":"PM apreende espingarda ao interceptar suspeito de moto"},"content":{"rendered":"<p>A Pol\u00edcia Militar apreendeu uma espingarda com um homem de 22 anos que estava de moto, no conjunto Ac\u00e1cio Figueiredo, em Campina Grande. Equipes do 2\u00ba Esquadr\u00e3o do ROTAM refor\u00e7avam as rondas na regi\u00e3o e perceberam que o suspeito estava transportando a arma no ve\u00edculo. Ele ainda tentou fugir da abordagem, mas foi interceptado e preso.<\/p>\n<p>A apreens\u00e3o faz parte do refor\u00e7o da seguran\u00e7a com a Opera\u00e7\u00e3o Festejos Juninos. O preso foi apresentado na Cidade da Pol\u00edcia Civil, em Campina Grande.<\/p>\n<div class=\"heateor_sss_sharing_container heateor_sss_horizontal_sharing\" data-heateor-sss-href=\"https:\/\/www.pm.pb.gov.br\/portal\/2025\/06\/24\/pm-apreende-espingarda-ao-interceptar-suspeito-de-moto-em-campina-grande\/\">\n<div class=\"heateor_sss_sharing_title\"><\/div>\n<\/div>\n","protected":false},"excerpt":{"rendered":"<p>A Pol\u00edcia Militar apreendeu uma espingarda com um homem de 22 anos que estava de moto, no conjunto Ac\u00e1cio Figueiredo, em Campina Grande. Equipes do 2\u00ba Esquadr\u00e3o do ROTAM refor\u00e7avam as rondas na regi\u00e3o e perceberam que o suspeito estava transportando a arma no ve\u00edculo. Ele ainda tentou fugir da abordagem, mas foi interceptado e &hellip;<\/p>\n","protected":false},"author":1,"featured_media":98035,"comment_status":"open","ping_status":"open","sticky":false,"template":"","format":"standard","meta":{"footnotes":""},"categories":[13],"tags":[],"class_list":["post-135267","post","type-post","status-publish","format-standard","has-post-thumbnail","hentry","category-policial"],"_links":{"self":[{"href":"https:\/\/iparaiba.com.br\/index.php\/wp-json\/wp\/v2\/posts\/135267","targetHints":{"allow":["GET"]}}],"collection":[{"href":"https:\/\/iparaiba.com.br\/index.php\/wp-json\/wp\/v2\/posts"}],"about":[{"href":"https:\/\/iparaiba.com.br\/index.php\/wp-json\/wp\/v2\/types\/post"}],"author":[{"embeddable":true,"href":"https:\/\/iparaiba.com.br\/index.php\/wp-json\/wp\/v2\/users\/1"}],"replies":[{"embeddable":true,"href":"https:\/\/iparaiba.com.br\/index.php\/wp-json\/wp\/v2\/comments?post=135267"}],"version-history":[{"count":1,"href":"https:\/\/iparaiba.com.br\/index.php\/wp-json\/wp\/v2\/posts\/135267\/revisions"}],"predecessor-version":[{"id":135292,"href":"https:\/\/iparaiba.com.br\/index.php\/wp-json\/wp\/v2\/posts\/135267\/revisions\/135292"}],"wp:featuredmedia":[{"embeddable":true,"href":"https:\/\/iparaiba.com.br\/index.php\/wp-json\/wp\/v2\/media\/98035"}],"wp:attachment":[{"href":"https:\/\/iparaiba.com.br\/index.php\/wp-json\/wp\/v2\/media?parent=135267"}],"wp:term":[{"taxonomy":"category","embeddable":true,"href":"https:\/\/iparaiba.com.br\/index.php\/wp-json\/wp\/v2\/categories?post=135267"},{"taxonomy":"post_tag","embeddable":true,"href":"https:\/\/iparaiba.com.br\/index.php\/wp-json\/wp\/v2\/tags?post=135267"}],"curies":[{"name":"wp","href":"https:\/\/api.w.org\/{rel}","templated":true}]}}