{"id":135266,"date":"2025-06-29T12:11:28","date_gmt":"2025-06-29T15:11:28","guid":{"rendered":"https:\/\/onordeste.com.br\/?p=135258"},"modified":"2025-06-29T12:11:28","modified_gmt":"2025-06-29T15:11:28","slug":"operacao-prende-quadrilha-acusada-de-varios-arrombamentos","status":"publish","type":"post","link":"https:\/\/iparaiba.com.br\/index.php\/2025\/06\/29\/operacao-prende-quadrilha-acusada-de-varios-arrombamentos\/","title":{"rendered":"Opera\u00e7\u00e3o prende quadrilha acusada de v\u00e1rios arrombamentos"},"content":{"rendered":"<p>A Pol\u00edcia Militar prendeu, nas primeiras horas da manh\u00e3 desta sexta-feira (27), quatro integrantes de uma quadrilha que vinha praticando arrombamentos na cidade de Cabedelo. Um dos alvos do bando foi uma loja de materiais b\u00e9licos. O grupo foi localizado e preso em uma casa, no bairro do Renascer, onde foram recuperados materiais dos crimes, uma moto roubada e apreendida uma arma.<\/p>\n<p>Um dos presos j\u00e1 responde processo por roubo e tinha rompido a tornozeleira de monitoramento eletr\u00f4nico. Ele seria l\u00edder do bando. A pris\u00e3o do grupo e resposta aos crimes foi consequ\u00eancia de um trabalho da 6\u00aa Companhia Independente da Pol\u00edcia Militar, que fez levantamentos e deflagrou a opera\u00e7\u00e3o que culminou na localiza\u00e7\u00e3o dos quatro acusados. Uma quinta pessoa foi presa por desacato.<\/p>\n","protected":false},"excerpt":{"rendered":"<p>A Pol\u00edcia Militar prendeu, nas primeiras horas da manh\u00e3 desta sexta-feira (27), quatro integrantes de uma quadrilha que vinha praticando arrombamentos na cidade de Cabedelo. Um dos alvos do bando foi uma loja de materiais b\u00e9licos. O grupo foi localizado e preso em uma casa, no bairro do Renascer, onde foram recuperados materiais dos crimes, &hellip;<\/p>\n","protected":false},"author":1,"featured_media":97810,"comment_status":"open","ping_status":"open","sticky":false,"template":"","format":"standard","meta":{"footnotes":""},"categories":[13],"tags":[],"class_list":["post-135266","post","type-post","status-publish","format-standard","has-post-thumbnail","hentry","category-policial"],"_links":{"self":[{"href":"https:\/\/iparaiba.com.br\/index.php\/wp-json\/wp\/v2\/posts\/135266","targetHints":{"allow":["GET"]}}],"collection":[{"href":"https:\/\/iparaiba.com.br\/index.php\/wp-json\/wp\/v2\/posts"}],"about":[{"href":"https:\/\/iparaiba.com.br\/index.php\/wp-json\/wp\/v2\/types\/post"}],"author":[{"embeddable":true,"href":"https:\/\/iparaiba.com.br\/index.php\/wp-json\/wp\/v2\/users\/1"}],"replies":[{"embeddable":true,"href":"https:\/\/iparaiba.com.br\/index.php\/wp-json\/wp\/v2\/comments?post=135266"}],"version-history":[{"count":1,"href":"https:\/\/iparaiba.com.br\/index.php\/wp-json\/wp\/v2\/posts\/135266\/revisions"}],"predecessor-version":[{"id":135291,"href":"https:\/\/iparaiba.com.br\/index.php\/wp-json\/wp\/v2\/posts\/135266\/revisions\/135291"}],"wp:featuredmedia":[{"embeddable":true,"href":"https:\/\/iparaiba.com.br\/index.php\/wp-json\/wp\/v2\/media\/97810"}],"wp:attachment":[{"href":"https:\/\/iparaiba.com.br\/index.php\/wp-json\/wp\/v2\/media?parent=135266"}],"wp:term":[{"taxonomy":"category","embeddable":true,"href":"https:\/\/iparaiba.com.br\/index.php\/wp-json\/wp\/v2\/categories?post=135266"},{"taxonomy":"post_tag","embeddable":true,"href":"https:\/\/iparaiba.com.br\/index.php\/wp-json\/wp\/v2\/tags?post=135266"}],"curies":[{"name":"wp","href":"https:\/\/api.w.org\/{rel}","templated":true}]}}