{"id":135260,"date":"2025-06-28T14:00:23","date_gmt":"2025-06-28T17:00:23","guid":{"rendered":"https:\/\/onordeste.com.br\/?p=135246"},"modified":"2025-06-28T14:00:23","modified_gmt":"2025-06-28T17:00:23","slug":"camara-encerra-semestre-legislativo-com-balanco-de-2-301-materias","status":"publish","type":"post","link":"https:\/\/iparaiba.com.br\/index.php\/2025\/06\/28\/camara-encerra-semestre-legislativo-com-balanco-de-2-301-materias\/","title":{"rendered":"C\u00e2mara encerra semestre legislativo com balan\u00e7o de 2.301 mat\u00e9rias"},"content":{"rendered":"<p>A C\u00e2mara Municipal de Campina Grande realizou a 53\u00aa Sess\u00e3o Ordin\u00e1ria. A sess\u00e3o marcou o encerramento do primeiro semestre legislativo de 2025, com destaque para a apresenta\u00e7\u00e3o do balan\u00e7o das atividades parlamentares. O vereador Luciano Breno ressaltou a aprova\u00e7\u00e3o de 2.301 assuntos legislativos no per\u00edodo, demonstrando a produtividade da Casa. Na sess\u00e3o, tamb\u00e9m foi apresentada a Comiss\u00e3o de Representa\u00e7\u00e3o Legislativa para o per\u00edodo de recesso parlamentar.<\/p>\n<p>Durante o Pequeno e o Grande Expediente, os parlamentares fizeram uso da tribuna para apresentar balan\u00e7os de seus mandatos, al\u00e9m de fortalecer as demandas da popula\u00e7\u00e3o, com \u00eanfase nas \u00e1reas de infraestrutura urbana, mobilidade, sa\u00fade p\u00fablica e quest\u00f5es envolvidas na rede de energia el\u00e9trica no munic\u00edpio.<\/p>\n","protected":false},"excerpt":{"rendered":"<p>A C\u00e2mara Municipal de Campina Grande realizou a 53\u00aa Sess\u00e3o Ordin\u00e1ria. A sess\u00e3o marcou o encerramento do primeiro semestre legislativo de 2025, com destaque para a apresenta\u00e7\u00e3o do balan\u00e7o das atividades parlamentares. O vereador Luciano Breno ressaltou a aprova\u00e7\u00e3o de 2.301 assuntos legislativos no per\u00edodo, demonstrando a produtividade da Casa. Na sess\u00e3o, tamb\u00e9m foi apresentada &hellip;<\/p>\n","protected":false},"author":1,"featured_media":114347,"comment_status":"open","ping_status":"open","sticky":false,"template":"","format":"standard","meta":{"footnotes":""},"categories":[8],"tags":[],"class_list":["post-135260","post","type-post","status-publish","format-standard","has-post-thumbnail","hentry","category-politica"],"_links":{"self":[{"href":"https:\/\/iparaiba.com.br\/index.php\/wp-json\/wp\/v2\/posts\/135260","targetHints":{"allow":["GET"]}}],"collection":[{"href":"https:\/\/iparaiba.com.br\/index.php\/wp-json\/wp\/v2\/posts"}],"about":[{"href":"https:\/\/iparaiba.com.br\/index.php\/wp-json\/wp\/v2\/types\/post"}],"author":[{"embeddable":true,"href":"https:\/\/iparaiba.com.br\/index.php\/wp-json\/wp\/v2\/users\/1"}],"replies":[{"embeddable":true,"href":"https:\/\/iparaiba.com.br\/index.php\/wp-json\/wp\/v2\/comments?post=135260"}],"version-history":[{"count":1,"href":"https:\/\/iparaiba.com.br\/index.php\/wp-json\/wp\/v2\/posts\/135260\/revisions"}],"predecessor-version":[{"id":135285,"href":"https:\/\/iparaiba.com.br\/index.php\/wp-json\/wp\/v2\/posts\/135260\/revisions\/135285"}],"wp:featuredmedia":[{"embeddable":true,"href":"https:\/\/iparaiba.com.br\/index.php\/wp-json\/wp\/v2\/media\/114347"}],"wp:attachment":[{"href":"https:\/\/iparaiba.com.br\/index.php\/wp-json\/wp\/v2\/media?parent=135260"}],"wp:term":[{"taxonomy":"category","embeddable":true,"href":"https:\/\/iparaiba.com.br\/index.php\/wp-json\/wp\/v2\/categories?post=135260"},{"taxonomy":"post_tag","embeddable":true,"href":"https:\/\/iparaiba.com.br\/index.php\/wp-json\/wp\/v2\/tags?post=135260"}],"curies":[{"name":"wp","href":"https:\/\/api.w.org\/{rel}","templated":true}]}}