{"id":135240,"date":"2025-06-25T12:03:31","date_gmt":"2025-06-25T15:03:31","guid":{"rendered":"https:\/\/onordeste.com.br\/?p=135195"},"modified":"2025-06-25T12:03:31","modified_gmt":"2025-06-25T15:03:31","slug":"ccj-acata-incentivo-a-criacao-de-ecopontos-para-descarte-de-material-reciclavel","status":"publish","type":"post","link":"https:\/\/iparaiba.com.br\/index.php\/2025\/06\/25\/ccj-acata-incentivo-a-criacao-de-ecopontos-para-descarte-de-material-reciclavel\/","title":{"rendered":"CCJ acata incentivo \u00e0 cria\u00e7\u00e3o de ecopontos para descarte de material recicl\u00e1vel"},"content":{"rendered":"<p align=\"justify\">A Comiss\u00e3o de Constitui\u00e7\u00e3o, Justi\u00e7a, Reda\u00e7\u00e3o e Legisla\u00e7\u00e3o Participativa (CCJ) da C\u00e2mara Municipal de Jo\u00e3o Pessoa (CMJP) se reuniu e apreciou 23 assuntos legislativos. Dentre eles, o colegiado acatou o Projeto de Lei Ordin\u00e1ria (PLO) que prev\u00ea a cria\u00e7\u00e3o de ecopontos para descarte de material recicl\u00e1vel.<\/p>\n<p align=\"justify\"><span lang=\"pt-BR\">O PLO<\/span>\u00a0<span lang=\"zxx\"><u><a href=\"https:\/\/sapl.joaopessoa.pb.leg.br\/media\/sapl\/public\/materialegislativa\/2025\/185575\/10._pl_-_institui_o_incentivo_a_criacao_de_ecopontos_para_descarte_de_materiais_eciclaveis_no_municipio_de_joao_pessoa_e_da_outras_pr.pdf\" target=\"_blank\" rel=\"noopener\"><span lang=\"pt-BR\">279\/2025<\/span><\/a><\/u><\/span>\u00a0<span lang=\"pt-BR\">, de autoria do vereador R\u00f4mulo Dantas (Mobiliza), estabelece o est\u00edmulo \u00e0 cria\u00e7\u00e3o de Ecopontos que possa receber, dentre outros, res\u00edduos da constru\u00e7\u00e3o civil, s\u00f3lidos domiciliares secos, mediante entrega volunt\u00e1ria de pessoas f\u00edsicas ou jur\u00eddicas.<\/span><\/p>\n<p align=\"justify\">Segundo a proposta, os Ecopontos a serem implantados poder\u00e3o ser usados de forma compartilhada por Organiza\u00e7\u00f5es N\u00e3o Governamentais (ONG), associa\u00e7\u00f5es de bairro ou grupos locais que desenvolvem a\u00e7\u00f5es de coleta seletiva de lixo recicl\u00e1vel, devidamente cadastradas na Prefeitura.<\/p>\n<p align=\"justify\"><b>Demais mat\u00e9rias<\/b><\/p>\n<p align=\"justify\"><span lang=\"pt-BR\">Dentre os demais assuntos acatados pela comiss\u00e3o, destacam-se: o PLO<\/span>\u00a0<span lang=\"zxx\"><u><a href=\"https:\/\/sapl.joaopessoa.pb.leg.br\/media\/sapl\/public\/materialegislativa\/2025\/184944\/pl_tela_celular.pdf\" target=\"_blank\" rel=\"noopener\"><span lang=\"pt-BR\">232\/2025<\/span><\/a><\/u><\/span>\u00a0<span lang=\"pt-BR\">, que disp\u00f5e sobre a Pol\u00edtica Municipal de Conscientiza\u00e7\u00e3o e Orienta\u00e7\u00e3o sobre o uso de telas por crian\u00e7as e adolescentes, de autoria do vereador F\u00e1bio Lopes (PL); e o PLO<\/span>\u00a0<span lang=\"zxx\"><u><a href=\"https:\/\/sapl.joaopessoa.pb.leg.br\/media\/sapl\/public\/materialegislativa\/2025\/184946\/plo_-_lista_de_transparencia_fila_da_saude.pdf\" target=\"_blank\" rel=\"noopener\"><span lang=\"pt-BR\">234\/2025<\/span><\/a><\/u><\/span>\u00a0<span lang=\"pt-BR\">, que versa sobre a divulga\u00e7\u00e3o, no site eletr\u00f4nico da Secretaria Municipal de Sa\u00fade (SMS), da lista de pacientes que aguardam por procedimentos na Rede P\u00fablica Municipal de Sa\u00fade em Jo\u00e3o Pessoa, de autoria de Tarc\u00edsio Jardim (PP).<\/span><\/p>\n<p align=\"justify\"><span lang=\"pt-BR\">O colegiado ainda foi favor\u00e1vel ao PLO<\/span>\u00a0<span lang=\"zxx\"><u><a href=\"https:\/\/sapl.joaopessoa.pb.leg.br\/media\/sapl\/public\/materialegislativa\/2025\/181956\/plo_2025_-_projeto_de_lei_ordinaria_-__vedacao_patrocionio.pdf\" target=\"_blank\" rel=\"noopener\"><span lang=\"pt-BR\">4\/2025<\/span><\/a><\/u><\/span>\u00a0<span lang=\"pt-BR\">, que disp\u00f5e sobre a concess\u00e3o de patroc\u00ednio pela Administra\u00e7\u00e3o P\u00fablica Municipal a shows e eventos culturais que fazem apologia ao crime, de autoria de Milanez Neto (MDB); ao PLO<\/span>\u00a0<span lang=\"zxx\"><u><a href=\"https:\/\/sapl.joaopessoa.pb.leg.br\/materia\/185535\" target=\"_blank\" rel=\"noopener\"><span lang=\"pt-BR\">273\/2025<\/span><\/a><\/u><\/span>\u00a0<span lang=\"pt-BR\">, que institui o reconhecimento anual aos 150 maiores contribuintes do Imposto sobre Servi\u00e7os de Qualquer Natureza (ISS), de propositura de Durval Ferreira (PL); e ao PLO<\/span>\u00a0<span lang=\"zxx\"><u><a href=\"https:\/\/sapl.joaopessoa.pb.leg.br\/media\/sapl\/public\/materialegislativa\/2025\/186185\/mensagem_063_-_plo_-_realocacao_funjope_-_r_400.00000.pdf\" target=\"_blank\" rel=\"noopener\"><span lang=\"pt-BR\">315\/2025<\/span><\/a><\/u><\/span>\u00a0<span lang=\"pt-BR\">, que autoriza a realoca\u00e7\u00e3o or\u00e7ament\u00e1ria na Secretaria de Educa\u00e7\u00e3o e Cultura (Sedec)\/Funda\u00e7\u00e3o Cultural de Jo\u00e3o Pessoa (Funjope), no valor de R$ 400 mil.<\/span><\/p>\n<p align=\"justify\"><span lang=\"pt-BR\">A Comiss\u00e3o tamb\u00e9m acatou dois Projetos de Decreto Legislativo (PDL) de autoria de Guguinha Moov Jampa (PSD) que concedem cidadania pessoense ao empres\u00e1rio Andr\u00e9 Luiz Sabino Moreira e \u00e0 atriz Mayana Maria Ramos Neiva; e outra de autoria de \u00cdcaro Chaves (Podemos), que concede a Medalha de Honra ao M\u00e9rito Jur\u00eddico Joacil Brito Pereira ao advogado Solon Henriques de S\u00e1 e Benevides.<\/span><\/p>\n","protected":false},"excerpt":{"rendered":"<p>A Comiss\u00e3o de Constitui\u00e7\u00e3o, Justi\u00e7a, Reda\u00e7\u00e3o e Legisla\u00e7\u00e3o Participativa (CCJ) da C\u00e2mara Municipal de Jo\u00e3o Pessoa (CMJP) se reuniu e apreciou 23 assuntos legislativos. Dentre eles, o colegiado acatou o Projeto de Lei Ordin\u00e1ria (PLO) que prev\u00ea a cria\u00e7\u00e3o de ecopontos para descarte de material recicl\u00e1vel. O PLO\u00a0279\/2025\u00a0, de autoria do vereador R\u00f4mulo Dantas (Mobiliza), &hellip;<\/p>\n","protected":false},"author":1,"featured_media":107531,"comment_status":"open","ping_status":"open","sticky":false,"template":"","format":"standard","meta":{"footnotes":""},"categories":[15],"tags":[],"class_list":["post-135240","post","type-post","status-publish","format-standard","has-post-thumbnail","hentry","category-links"],"_links":{"self":[{"href":"https:\/\/iparaiba.com.br\/index.php\/wp-json\/wp\/v2\/posts\/135240","targetHints":{"allow":["GET"]}}],"collection":[{"href":"https:\/\/iparaiba.com.br\/index.php\/wp-json\/wp\/v2\/posts"}],"about":[{"href":"https:\/\/iparaiba.com.br\/index.php\/wp-json\/wp\/v2\/types\/post"}],"author":[{"embeddable":true,"href":"https:\/\/iparaiba.com.br\/index.php\/wp-json\/wp\/v2\/users\/1"}],"replies":[{"embeddable":true,"href":"https:\/\/iparaiba.com.br\/index.php\/wp-json\/wp\/v2\/comments?post=135240"}],"version-history":[{"count":0,"href":"https:\/\/iparaiba.com.br\/index.php\/wp-json\/wp\/v2\/posts\/135240\/revisions"}],"wp:featuredmedia":[{"embeddable":true,"href":"https:\/\/iparaiba.com.br\/index.php\/wp-json\/wp\/v2\/media\/107531"}],"wp:attachment":[{"href":"https:\/\/iparaiba.com.br\/index.php\/wp-json\/wp\/v2\/media?parent=135240"}],"wp:term":[{"taxonomy":"category","embeddable":true,"href":"https:\/\/iparaiba.com.br\/index.php\/wp-json\/wp\/v2\/categories?post=135240"},{"taxonomy":"post_tag","embeddable":true,"href":"https:\/\/iparaiba.com.br\/index.php\/wp-json\/wp\/v2\/tags?post=135240"}],"curies":[{"name":"wp","href":"https:\/\/api.w.org\/{rel}","templated":true}]}}