{"id":135238,"date":"2025-06-25T12:00:55","date_gmt":"2025-06-25T15:00:55","guid":{"rendered":"https:\/\/onordeste.com.br\/?p=135191"},"modified":"2025-06-25T12:00:55","modified_gmt":"2025-06-25T15:00:55","slug":"o-maior-sao-joao-do-mundo-camarote-pcd-da-prefeitura-celebra-inclusao-e-protagonismo-desse-publico-durante-o-periodo-junino","status":"publish","type":"post","link":"https:\/\/iparaiba.com.br\/index.php\/2025\/06\/25\/o-maior-sao-joao-do-mundo-camarote-pcd-da-prefeitura-celebra-inclusao-e-protagonismo-desse-publico-durante-o-periodo-junino\/","title":{"rendered":"O Maior S\u00e3o Jo\u00e3o do Mundo: Camarote PCD da Prefeitura celebra inclus\u00e3o e protagonismo desse p\u00fablico durante o per\u00edodo junino"},"content":{"rendered":"<p style=\"font-weight: 400;\">O Camarote Inclusivo da Prefeitura de Campina Grande, coordenado pela Ger\u00eancia da Pessoa com Defici\u00eancia (PCD), ligada \u00e0 Secretaria de Assist\u00eancia Social (Semas), tem proporcionado inclus\u00e3o e protagonismo para esse p\u00fablico. No \u00e1pice da festa, celebrado neste in\u00edcio de semana, na segunda-feira (23), v\u00e9spera de S\u00e3o Jo\u00e3o, a presen\u00e7a de visitantes de outros estados que encontram no local, comodidade, aten\u00e7\u00e3o e em especial, o respeito aos seus direitos.<\/p>\n<p style=\"font-weight: 400;\">Tharcyana Cavalcanti, banc\u00e1ria, que mora em S\u00e3o Paulo, est\u00e1 na cidade desde o \u00faltimo dia 13 de junho. Essa \u00e9 a quarta vez da cadeirante no S\u00e3o Jo\u00e3o de Campina Grande. Mas a primeira vez no camarote, e estava radiante. \u201cDas outras vezes n\u00e3o consegui fazer inscri\u00e7\u00e3o e fiquei incomodada de ficar no meio da multid\u00e3o. Mas este ano foi diferente, e pra mim um grande presente, j\u00e1 que em plena v\u00e9spera de S\u00e3o Jo\u00e3o vou poder assistir ao show de Elba Ramalho, de Camarote (risos), \u00e9 maravilhoso. Me sinto privilegiada e protegida aqui\u201d, disse a cadeirante.<\/p>\n<p style=\"font-weight: 400;\">J\u00e1 o cadeirante Edilson Mendes, 77 anos, que \u00e9 engenheiro aposentado, comemora o sexto ano consecutivo que assiste aos grandes shows no camarote PCD. Este ano inclusive j\u00e1 \u00e9 a quarta vez que ele frequenta o local e estava muito feliz, ao lado da esposa. \u201cNada melhor do que est\u00e1 aqui em uma noite especial, onde temos a possibilidade inclusive de escolher o show que queremos assistir, e o de Elba Ramalho \u00e9 um dos meus preferidos. Camarote PCD \u00e9 um importante equipamento pra n\u00f3s pcd\u2019s, sem d\u00favida\u201d, disse o engenheiro aposentado.<\/p>\n<p style=\"font-weight: 400;\">A esposa Marlene Torres, 53 anos, reafirma as palavras do marido. Ela conta que ap\u00f3s esses 6 anos frequentando o camarote, o equipamento est\u00e1 muito melhor. \u201cAntes tinha uma esp\u00e9cie de elevador para termos acesso, hoje contamos com rampas desde a chegada at\u00e9 a entrada do camarote. Estamos ainda mais pr\u00f3ximos do palco, temos toda infraestrutura necess\u00e1ria e com toda comodidade pra eles e para n\u00f3s familiares. Tudo maravilhoso\u201d, disse a dona de casa.<\/p>\n<p style=\"font-weight: 400;\">\u201cEstamos muito felizes pela grande procura do Camarote, atrav\u00e9s das inscri\u00e7\u00f5es que disponibilizamos e os respectivos laudos apresentados, o que demonstra que os pcd\u2019s entendem a import\u00e2ncia desse equipamento, no sentido de trazer dignidade e torn\u00e1-los cada vez mais protagonistas da sua pr\u00f3pria hist\u00f3ria, durante o S\u00e3o Jo\u00e3o. A Prefeitura tem realizado sonhos de quem teve a oportunidade de frequentar o camarote. Estamos todos felizes\u201d, disse a gerente PCD no munic\u00edpio, Edna Silva.<\/p>\n<p style=\"font-weight: 400;\">\u201cA todos os pcd\u2019s que j\u00e1 estiveram no camarote, a nossa alegria em saber que muitos est\u00e3o tendo a oportunidade de acompanhar de perto os grandes shows e os momentos felizes em fam\u00edlia, o que \u00e9 mais importante. Toda equipe est\u00e1 de parab\u00e9ns na organiza\u00e7\u00e3o e por promover de fato o protagonismo e a inclus\u00e3o desse p\u00fablico no S\u00e3o Jo\u00e3o\u201d, disse o secret\u00e1rio da Semas, F\u00e1bio Thoma.<\/p>\n","protected":false},"excerpt":{"rendered":"<p>O Camarote Inclusivo da Prefeitura de Campina Grande, coordenado pela Ger\u00eancia da Pessoa com Defici\u00eancia (PCD), ligada \u00e0 Secretaria de Assist\u00eancia Social (Semas), tem proporcionado inclus\u00e3o e protagonismo para esse p\u00fablico. No \u00e1pice da festa, celebrado neste in\u00edcio de semana, na segunda-feira (23), v\u00e9spera de S\u00e3o Jo\u00e3o, a presen\u00e7a de visitantes de outros estados que &hellip;<\/p>\n","protected":false},"author":1,"featured_media":134087,"comment_status":"open","ping_status":"open","sticky":false,"template":"","format":"standard","meta":{"footnotes":""},"categories":[3],"tags":[],"class_list":["post-135238","post","type-post","status-publish","format-standard","has-post-thumbnail","hentry","category-nordeste"],"_links":{"self":[{"href":"https:\/\/iparaiba.com.br\/index.php\/wp-json\/wp\/v2\/posts\/135238","targetHints":{"allow":["GET"]}}],"collection":[{"href":"https:\/\/iparaiba.com.br\/index.php\/wp-json\/wp\/v2\/posts"}],"about":[{"href":"https:\/\/iparaiba.com.br\/index.php\/wp-json\/wp\/v2\/types\/post"}],"author":[{"embeddable":true,"href":"https:\/\/iparaiba.com.br\/index.php\/wp-json\/wp\/v2\/users\/1"}],"replies":[{"embeddable":true,"href":"https:\/\/iparaiba.com.br\/index.php\/wp-json\/wp\/v2\/comments?post=135238"}],"version-history":[{"count":0,"href":"https:\/\/iparaiba.com.br\/index.php\/wp-json\/wp\/v2\/posts\/135238\/revisions"}],"wp:featuredmedia":[{"embeddable":true,"href":"https:\/\/iparaiba.com.br\/index.php\/wp-json\/wp\/v2\/media\/134087"}],"wp:attachment":[{"href":"https:\/\/iparaiba.com.br\/index.php\/wp-json\/wp\/v2\/media?parent=135238"}],"wp:term":[{"taxonomy":"category","embeddable":true,"href":"https:\/\/iparaiba.com.br\/index.php\/wp-json\/wp\/v2\/categories?post=135238"},{"taxonomy":"post_tag","embeddable":true,"href":"https:\/\/iparaiba.com.br\/index.php\/wp-json\/wp\/v2\/tags?post=135238"}],"curies":[{"name":"wp","href":"https:\/\/api.w.org\/{rel}","templated":true}]}}