{"id":135230,"date":"2025-06-27T08:00:06","date_gmt":"2025-06-27T11:00:06","guid":{"rendered":"https:\/\/onordeste.com.br\/?p=135223"},"modified":"2025-06-27T08:00:06","modified_gmt":"2025-06-27T11:00:06","slug":"central-estadual-de-transplantes-registra-16a-doacao-de-orgaos","status":"publish","type":"post","link":"https:\/\/iparaiba.com.br\/index.php\/2025\/06\/27\/central-estadual-de-transplantes-registra-16a-doacao-de-orgaos\/","title":{"rendered":"Central Estadual de Transplantes registra 16\u00aa doa\u00e7\u00e3o de \u00f3rg\u00e3os"},"content":{"rendered":"<p align=\"justify\">ACentral Estadual de Transplantes, unidade de alta complexidade do Governo da Para\u00edba, registrou, nessa segunda-feira (16), a 16\u00aa doa\u00e7\u00e3o de m\u00faltiplos \u00f3rg\u00e3os de 2025. Foram doados o f\u00edgado, os rins e as c\u00f3rneas.<\/p>\n<p align=\"justify\">O ato partiu da fam\u00edlia de um paciente de 47 anos, que estava internado na UTI do Hospital de Emerg\u00eancia e Trauma de Jo\u00e3o Pessoa, v\u00edtima de uma encefalopatia hip\u00f3xico-isqu\u00eamica. Devido \u00e0 necessidade da realiza\u00e7\u00e3o de um exame espec\u00edfico, o paciente precisou ser transferido para o Hospital Metropolitano Dom Jos\u00e9 Maria Pires, em Santa Rita, onde ocorreu a capta\u00e7\u00e3o.<\/p>\n<p align=\"justify\">Ap\u00f3s a confirma\u00e7\u00e3o do diagn\u00f3stico de morte encef\u00e1lica, a fam\u00edlia autorizou a doa\u00e7\u00e3o dos \u00f3rg\u00e3os e tecidos, possibilitando que cinco pessoas fossem retiradas da lista de espera por um transplante. A log\u00edstica de capta\u00e7\u00e3o foi coordenada pela Central Estadual de Transplantes. Para a fam\u00edlia do doador, o gesto significa a continuidade da vida.<\/p>\n<p align=\"justify\">\u201cO que leva a gente a ter esse tipo de atitude \u00e9 justamente o fato de poder contribuir e ajudar pessoas que est\u00e3o, de alguma maneira sofrendo, precisando da doa\u00e7\u00e3o de um \u00f3rg\u00e3o\u201d, declarou o cunhado do doador.<\/p>\n<p align=\"justify\">Ele ainda destacou a import\u00e2ncia de sensibilizar a popula\u00e7\u00e3o para a necessidade de mais doa\u00e7\u00f5es. \u201cMais do que isso, esse momento \u00e9 tamb\u00e9m sobre a import\u00e2ncia de outras fam\u00edlias terem essa iniciativa para que outras pessoas de diversos lugares, e que est\u00e3o sofrendo necessidades, sejam contempladas. Esse \u00e9 o apelo que n\u00f3s fazemos e \u00e9 muito gratificante saber que, de alguma maneira, podemos contribuir para salvar a vida de algu\u00e9m\u201d, finalizou.<\/p>\n<p align=\"justify\">A diretora da Central Estadual de Transplantes, Rafaela Dias, refor\u00e7ou que essa \u00e9 a segunda doa\u00e7\u00e3o registrada pela Central em menos de uma semana. \u201cNa \u00faltima quinta-feira, tivemos uma doa\u00e7\u00e3o em Campina Grande, e agora registramos mais um ato de generosidade de outra fam\u00edlia. Cada autoriza\u00e7\u00e3o representa esperan\u00e7a para quem aguarda na lista de espera. Por isso, \u00e9 fundamental que as fam\u00edlias conversem sobre o tema e conhe\u00e7am o desejo de seus entes queridos. Em menos de uma semana, dez pessoas tiveram suas vidas transformadas com um \u2018sim\u2019 que salva\u201d, enfatizou.<\/p>\n<p align=\"justify\">Com a nova capta\u00e7\u00e3o, a Para\u00edba mant\u00e9m o ritmo positivo de doa\u00e7\u00f5es em 2025, j\u00e1 tendo beneficiado 62 pacientes paraibanos com transplantes de \u00f3rg\u00e3os e tecidos.<\/p>\n","protected":false},"excerpt":{"rendered":"<p>ACentral Estadual de Transplantes, unidade de alta complexidade do Governo da Para\u00edba, registrou, nessa segunda-feira (16), a 16\u00aa doa\u00e7\u00e3o de m\u00faltiplos \u00f3rg\u00e3os de 2025. Foram doados o f\u00edgado, os rins e as c\u00f3rneas. O ato partiu da fam\u00edlia de um paciente de 47 anos, que estava internado na UTI do Hospital de Emerg\u00eancia e Trauma &hellip;<\/p>\n","protected":false},"author":1,"featured_media":100822,"comment_status":"open","ping_status":"open","sticky":false,"template":"","format":"standard","meta":{"footnotes":""},"categories":[2],"tags":[],"class_list":["post-135230","post","type-post","status-publish","format-standard","has-post-thumbnail","hentry","category-saude"],"_links":{"self":[{"href":"https:\/\/iparaiba.com.br\/index.php\/wp-json\/wp\/v2\/posts\/135230","targetHints":{"allow":["GET"]}}],"collection":[{"href":"https:\/\/iparaiba.com.br\/index.php\/wp-json\/wp\/v2\/posts"}],"about":[{"href":"https:\/\/iparaiba.com.br\/index.php\/wp-json\/wp\/v2\/types\/post"}],"author":[{"embeddable":true,"href":"https:\/\/iparaiba.com.br\/index.php\/wp-json\/wp\/v2\/users\/1"}],"replies":[{"embeddable":true,"href":"https:\/\/iparaiba.com.br\/index.php\/wp-json\/wp\/v2\/comments?post=135230"}],"version-history":[{"count":1,"href":"https:\/\/iparaiba.com.br\/index.php\/wp-json\/wp\/v2\/posts\/135230\/revisions"}],"predecessor-version":[{"id":135252,"href":"https:\/\/iparaiba.com.br\/index.php\/wp-json\/wp\/v2\/posts\/135230\/revisions\/135252"}],"wp:featuredmedia":[{"embeddable":true,"href":"https:\/\/iparaiba.com.br\/index.php\/wp-json\/wp\/v2\/media\/100822"}],"wp:attachment":[{"href":"https:\/\/iparaiba.com.br\/index.php\/wp-json\/wp\/v2\/media?parent=135230"}],"wp:term":[{"taxonomy":"category","embeddable":true,"href":"https:\/\/iparaiba.com.br\/index.php\/wp-json\/wp\/v2\/categories?post=135230"},{"taxonomy":"post_tag","embeddable":true,"href":"https:\/\/iparaiba.com.br\/index.php\/wp-json\/wp\/v2\/tags?post=135230"}],"curies":[{"name":"wp","href":"https:\/\/api.w.org\/{rel}","templated":true}]}}