{"id":135226,"date":"2025-06-26T14:00:11","date_gmt":"2025-06-26T17:00:11","guid":{"rendered":"https:\/\/onordeste.com.br\/?p=135215"},"modified":"2025-06-26T14:00:11","modified_gmt":"2025-06-26T17:00:11","slug":"pagamento-de-junho-dos-servidores-estaduais","status":"publish","type":"post","link":"https:\/\/iparaiba.com.br\/index.php\/2025\/06\/26\/pagamento-de-junho-dos-servidores-estaduais\/","title":{"rendered":"Pagamento de junho dos servidores estaduais"},"content":{"rendered":"<p>Opagamento dos servidores do Governo do Estado, referente ao m\u00eas de junho, ser\u00e1 realizado nesta quinta-feira (26), quando recebem os aposentados e pensionistas e, na sexta-feira (27), quando \u00e9 a vez dos servidores da ativa das administra\u00e7\u00f5es direta e indireta.<\/p>\n<p>O pagamento dos sal\u00e1rios de junho encerra o calend\u00e1rio anunciado pelo governador Jo\u00e3o Azev\u00eado que antecipou a primeira parcela do d\u00e9cimo terceiro sal\u00e1rio para todos os servidores p\u00fablicos estaduais, al\u00e9m do an\u00fancio do pagamento de maio. No total, as folhas somam um impacto financeiro superior a R$ 2,11 bilh\u00f5es injetados na economia do estado em 30 dias, possibilitando tamb\u00e9m o incremento dos festejos juninos.<\/p>\n<p>Calend\u00e1rio:<\/p>\n<p>26\/06 (quinta-feira): aposentados, pensionistas e reformados<br \/>\n27\/06 (sexta-feira): servidores da ativa (administra\u00e7\u00f5es direta e indireta)<\/p>\n","protected":false},"excerpt":{"rendered":"<p>Opagamento dos servidores do Governo do Estado, referente ao m\u00eas de junho, ser\u00e1 realizado nesta quinta-feira (26), quando recebem os aposentados e pensionistas e, na sexta-feira (27), quando \u00e9 a vez dos servidores da ativa das administra\u00e7\u00f5es direta e indireta. O pagamento dos sal\u00e1rios de junho encerra o calend\u00e1rio anunciado pelo governador Jo\u00e3o Azev\u00eado que &hellip;<\/p>\n","protected":false},"author":1,"featured_media":108450,"comment_status":"open","ping_status":"open","sticky":false,"template":"","format":"standard","meta":{"footnotes":""},"categories":[12],"tags":[],"class_list":["post-135226","post","type-post","status-publish","format-standard","has-post-thumbnail","hentry","category-emprego"],"_links":{"self":[{"href":"https:\/\/iparaiba.com.br\/index.php\/wp-json\/wp\/v2\/posts\/135226","targetHints":{"allow":["GET"]}}],"collection":[{"href":"https:\/\/iparaiba.com.br\/index.php\/wp-json\/wp\/v2\/posts"}],"about":[{"href":"https:\/\/iparaiba.com.br\/index.php\/wp-json\/wp\/v2\/types\/post"}],"author":[{"embeddable":true,"href":"https:\/\/iparaiba.com.br\/index.php\/wp-json\/wp\/v2\/users\/1"}],"replies":[{"embeddable":true,"href":"https:\/\/iparaiba.com.br\/index.php\/wp-json\/wp\/v2\/comments?post=135226"}],"version-history":[{"count":1,"href":"https:\/\/iparaiba.com.br\/index.php\/wp-json\/wp\/v2\/posts\/135226\/revisions"}],"predecessor-version":[{"id":135248,"href":"https:\/\/iparaiba.com.br\/index.php\/wp-json\/wp\/v2\/posts\/135226\/revisions\/135248"}],"wp:featuredmedia":[{"embeddable":true,"href":"https:\/\/iparaiba.com.br\/index.php\/wp-json\/wp\/v2\/media\/108450"}],"wp:attachment":[{"href":"https:\/\/iparaiba.com.br\/index.php\/wp-json\/wp\/v2\/media?parent=135226"}],"wp:term":[{"taxonomy":"category","embeddable":true,"href":"https:\/\/iparaiba.com.br\/index.php\/wp-json\/wp\/v2\/categories?post=135226"},{"taxonomy":"post_tag","embeddable":true,"href":"https:\/\/iparaiba.com.br\/index.php\/wp-json\/wp\/v2\/tags?post=135226"}],"curies":[{"name":"wp","href":"https:\/\/api.w.org\/{rel}","templated":true}]}}