{"id":135224,"date":"2025-06-26T10:00:37","date_gmt":"2025-06-26T13:00:37","guid":{"rendered":"https:\/\/onordeste.com.br\/?p=135210"},"modified":"2025-06-26T10:00:37","modified_gmt":"2025-06-26T13:00:37","slug":"cartorios-de-20-zonas-eleitorais-vao-receber-melhorias","status":"publish","type":"post","link":"https:\/\/iparaiba.com.br\/index.php\/2025\/06\/26\/cartorios-de-20-zonas-eleitorais-vao-receber-melhorias\/","title":{"rendered":"Cart\u00f3rios de 20 zonas eleitorais v\u00e3o receber melhorias"},"content":{"rendered":"<p>Vinte cart\u00f3rios eleitorais da Para\u00edba v\u00e3o receber melhorias ainda esse ano. A decis\u00e3o foi tomada ap\u00f3s processo de vistoria nas zonas eleitorais e identifica\u00e7\u00e3o das prioridades. O objetivo \u00e9 dar melhores condi\u00e7\u00f5es de trabalho aos servidores e tamb\u00e9m mais conforto aos eleitores nos atendimentos presenciais.<\/p>\n<p>Numa reuni\u00e3o com o engenheiro civil da Se\u00e7\u00e3o de Engenharia e Arquitetura (SEARQ) do Tribunal Regional Eleitoral da Para\u00edba (TRE-PB), Philippe Hyp\u00f3lito, o presidente da institui\u00e7\u00e3o, desembargador Oswaldo Trigueiro do Valle Filho definiu quais as melhorias que cada munic\u00edpio deve receber. Participaram ainda, a diretora-geral Alexandra Cordeiro, e o assessor especial da presid\u00eancia Eduardo Rangel.<\/p>\n<p>As interven\u00e7\u00f5es v\u00e3o ser de manuten\u00e7\u00e3o predial completa em alguns cart\u00f3rios eleitorais, num processo j\u00e1 sendo iniciado de imediato. Para outros, ser\u00e3o de reformas com substitui\u00e7\u00e3o de divis\u00f3rias, mobili\u00e1rios e eletrodom\u00e9sticos; Em alguns casos, haver\u00e1 mudan\u00e7as para pr\u00e9dios cedidos pelo Tribunal de Justi\u00e7a e tamb\u00e9m projeto de recupera\u00e7\u00e3o e reformas com licita\u00e7\u00e3o pr\u00e9via e contrata\u00e7\u00e3o de projetos. \u201cV\u00e3o ser levantados os custos estimados para planejamento e execu\u00e7\u00e3o no segundo semestre\u201d, detalhou o engenheiro.<\/p>\n","protected":false},"excerpt":{"rendered":"<p>Vinte cart\u00f3rios eleitorais da Para\u00edba v\u00e3o receber melhorias ainda esse ano. A decis\u00e3o foi tomada ap\u00f3s processo de vistoria nas zonas eleitorais e identifica\u00e7\u00e3o das prioridades. O objetivo \u00e9 dar melhores condi\u00e7\u00f5es de trabalho aos servidores e tamb\u00e9m mais conforto aos eleitores nos atendimentos presenciais. Numa reuni\u00e3o com o engenheiro civil da Se\u00e7\u00e3o de Engenharia &hellip;<\/p>\n","protected":false},"author":1,"featured_media":123112,"comment_status":"open","ping_status":"open","sticky":false,"template":"","format":"standard","meta":{"footnotes":""},"categories":[8],"tags":[],"class_list":["post-135224","post","type-post","status-publish","format-standard","has-post-thumbnail","hentry","category-politica"],"_links":{"self":[{"href":"https:\/\/iparaiba.com.br\/index.php\/wp-json\/wp\/v2\/posts\/135224","targetHints":{"allow":["GET"]}}],"collection":[{"href":"https:\/\/iparaiba.com.br\/index.php\/wp-json\/wp\/v2\/posts"}],"about":[{"href":"https:\/\/iparaiba.com.br\/index.php\/wp-json\/wp\/v2\/types\/post"}],"author":[{"embeddable":true,"href":"https:\/\/iparaiba.com.br\/index.php\/wp-json\/wp\/v2\/users\/1"}],"replies":[{"embeddable":true,"href":"https:\/\/iparaiba.com.br\/index.php\/wp-json\/wp\/v2\/comments?post=135224"}],"version-history":[{"count":1,"href":"https:\/\/iparaiba.com.br\/index.php\/wp-json\/wp\/v2\/posts\/135224\/revisions"}],"predecessor-version":[{"id":135246,"href":"https:\/\/iparaiba.com.br\/index.php\/wp-json\/wp\/v2\/posts\/135224\/revisions\/135246"}],"wp:featuredmedia":[{"embeddable":true,"href":"https:\/\/iparaiba.com.br\/index.php\/wp-json\/wp\/v2\/media\/123112"}],"wp:attachment":[{"href":"https:\/\/iparaiba.com.br\/index.php\/wp-json\/wp\/v2\/media?parent=135224"}],"wp:term":[{"taxonomy":"category","embeddable":true,"href":"https:\/\/iparaiba.com.br\/index.php\/wp-json\/wp\/v2\/categories?post=135224"},{"taxonomy":"post_tag","embeddable":true,"href":"https:\/\/iparaiba.com.br\/index.php\/wp-json\/wp\/v2\/tags?post=135224"}],"curies":[{"name":"wp","href":"https:\/\/api.w.org\/{rel}","templated":true}]}}