{"id":135222,"date":"2025-06-26T06:00:09","date_gmt":"2025-06-26T09:00:09","guid":{"rendered":"https:\/\/onordeste.com.br\/?p=135204"},"modified":"2025-06-26T06:00:09","modified_gmt":"2025-06-26T09:00:09","slug":"grupos-prioritarios-devem-tomar-vacinas","status":"publish","type":"post","link":"https:\/\/iparaiba.com.br\/index.php\/2025\/06\/26\/grupos-prioritarios-devem-tomar-vacinas\/","title":{"rendered":"Grupos priorit\u00e1rios devem tomar vacinas"},"content":{"rendered":"<p>A Campanha Nacional de Vacina\u00e7\u00e3o contra a Influenza foi ampliada e segue at\u00e9 31 de julho, com o objetivo de aumentar a cobertura vacinal entre os grupos priorit\u00e1rios. A prorroga\u00e7\u00e3o do prazo, estabelecida pelo Minist\u00e9rio da Sa\u00fade, tem como objetivo de expandir e fortalecer o alcance da vacina que protege contra a gripe, fazendo com que os munic\u00edpios alcancem a meta de 90%, das pessoas que integram o popula\u00e7\u00e3o-alvo priorit\u00e1ria. No Brasil, apenas 38,87% do p\u00fablico-alvo j\u00e1 se vacinou contra a gripe. Na Para\u00edba esse n\u00famero representa 40,81% e, em Jo\u00e3o Pessoa, 19,05%.<\/p>\n<p>A vacina\u00e7\u00e3o \u00e9 a principal forma de evitar quadros graves da doen\u00e7a. As doses est\u00e3o dispon\u00edveis em todas as salas de vacina do Munic\u00edpio, nas Policl\u00ednicas municipais, no Centro de Imuniza\u00e7\u00e3o e nos pontos m\u00f3veis e, s\u00e3o indicadas para pessoas a partir de seis meses de idade.<\/p>\n<p>\u201cA vacina j\u00e1 foi liberada para toda a popula\u00e7\u00e3o acima de seis meses de idade, sobretudo, al\u00e9m das pessoas com comorbidades, fazem parte do grupo priorit\u00e1rio crian\u00e7as menores de cinco anos, idosos e gestantes. Convocamos essa popula\u00e7\u00e3o que procure um servi\u00e7o que ofere\u00e7a vacina mais pr\u00f3ximo para garantir essa prote\u00e7\u00e3o, considerando tamb\u00e9m o aumento de casos de s\u00edndrome respirat\u00f3ria aguda grave de origem viral no Estado\u201d, alertou Fernando Virgolino, chefe da Se\u00e7\u00e3o de Imuniza\u00e7\u00e3o da Prefeitura de Jo\u00e3o Pessoa.<\/p>\n<p><strong>Influenza \u2013<\/strong>\u00a0A vacina\u00e7\u00e3o \u00e9 recomendada principalmente para as pessoas que integram o grupo priorit\u00e1rio, com maior risco para hospitaliza\u00e7\u00e3o e agravamento da doen\u00e7a. O imunizante contra a gripe \u00e9 atualizado anualmente conforme orienta\u00e7\u00f5es da Organiza\u00e7\u00e3o Mundial da Sa\u00fade (OMS) e oferece prote\u00e7\u00e3o contra os v\u00edrus H1N1, H3N2 e B, podendo ser aplicado simultaneamente de forma segura e r\u00e1pida com outras doses que integram o calend\u00e1rio b\u00e1sico de vacina\u00e7\u00e3o.<\/p>\n<p><strong>Cen\u00e1rio Epidemiol\u00f3gico \u2013<\/strong>\u00a0De acordo com a Ger\u00eancia de Vigil\u00e2ncia Epidemiol\u00f3gica, do janeiro a junho deste ano, foram registradas nas Unidades Sentinelas 16.921 casos notificados para S\u00edndromes Gripais. Desses foram 206 casos graves e 99 segue em investiga\u00e7\u00e3o. Nesse mesmo per\u00edodo foram registrados 52 \u00f3bitos.<\/p>\n<p>A Vigil\u00e2ncia Sentinela de S\u00edndromes Gripais tem o objetivo de fortalecer a Vigil\u00e2ncia Epidemiol\u00f3gica de v\u00edrus respirat\u00f3rios, por meio da identifica\u00e7\u00e3o do agente patog\u00eanico (v\u00edrus), os per\u00edodos de circula\u00e7\u00e3o viral em cada sazonalidade e surgimento de novo subtipo viral. Essa estrat\u00e9gia visa construir um banco de dados biol\u00f3gico para a adequa\u00e7\u00e3o das vacinas de Influenza e atualmente, tamb\u00e9m vacina contra o Sars-CoV-2.<\/p>\n<p>Todos os imunizantes dispon\u00edveis das campanhas ativas (Covid-19 ou Influenza) podem ser administrados simultaneamente com qualquer outro que faz parte do calend\u00e1rio de rotina, em qualquer intervalo de tempo, na faixa et\u00e1ria de seis meses de idade ou mais. A Covid-19 e a Influenza continuam sendo amea\u00e7as para a sa\u00fade p\u00fablica, especialmente para as pessoas n\u00e3o vacinadas.<\/p>\n<p><strong>Onde se vacinar:<\/strong><\/p>\n<p>Unidades de Sa\u00fade da Fam\u00edlia (USFs)<br \/>\nTodas as vacinas do calend\u00e1rio de rotina<br \/>\nVacinas de campanha:<br \/>\n\u2013 Dengue: adolescentes de 10 a 14 anos;<br \/>\n\u2013 Influenza: Toda a popula\u00e7\u00e3o acima de seis meses de idade;<br \/>\n\u2013 Covid-19: crian\u00e7as menores de 5 anos e grupos priorit\u00e1rios;<br \/>\n\u2013 HPV: campanha de atualiza\u00e7\u00e3o para o p\u00fablico de 9 a 19 anos.<br \/>\nHor\u00e1rio: 7h \u00e0s 11h e das 12h \u00e0s 16h<\/p>\n<p><strong>USF Integrada Cruz das Armas<\/strong><br \/>\n\u2013 Todas as vacinas do calend\u00e1rio de rotina e campanhas ativas<br \/>\n\u2013 Vacina\u00e7\u00e3o contra Covid-19 de crian\u00e7as menores de 5 anos e grupos priorit\u00e1rios<br \/>\nHor\u00e1rio: 7h \u00e0s 11h e das 12h \u00e0s 16h<\/p>\n<p><strong>Policl\u00ednicas Municipais<\/strong><br \/>\nTodas as vacinas do calend\u00e1rio de rotina<br \/>\nVacinas de campanha:<br \/>\n\u2013 Dengue: adolescentes de 10 a 14 anos;<br \/>\n\u2013 Influenza: Toda a popula\u00e7\u00e3o acima de seis meses de idade;<br \/>\n\u2013 Covid-19: crian\u00e7as menores de 5 anos e grupos priorit\u00e1rios;<br \/>\n\u2013 HPV: campanha de atualiza\u00e7\u00e3o para o p\u00fablico de 9 a 19 anos.<br \/>\nHor\u00e1rio: 8h \u00e0s 16h<\/p>\n<p><strong>Centro Municipal de Imuniza\u00e7\u00e3o<\/strong><br \/>\nTodas as vacinas do calend\u00e1rio de rotina<br \/>\nVacinas de campanha:<br \/>\n\u2013 Dengue: adolescentes de 10 a 14 anos;<br \/>\n\u2013 Influenza: Toda a popula\u00e7\u00e3o acima de seis meses de idade;<br \/>\n\u2013 Covid-19: crian\u00e7as menores de 5 anos e grupos priorit\u00e1rios;<br \/>\n\u2013 HPV: campanha de atualiza\u00e7\u00e3o para o p\u00fablico de 9 a 19 anos.<br \/>\nHor\u00e1rio: 8h \u00e0s 16h<\/p>\n<p><strong>Home Center Ferreira Costa<\/strong><br \/>\nTodas as vacinas do calend\u00e1rio de rotina<br \/>\nVacinas de campanha:<br \/>\n\u2013 Influenza: Toda a popula\u00e7\u00e3o acima de seis meses de idade;<br \/>\n\u2013 Covid-19: crian\u00e7as menores de 5 anos e grupos priorit\u00e1rios;<br \/>\n\u2013 HPV: campanha de atualiza\u00e7\u00e3o para o p\u00fablico de 9 a 19 anos.<br \/>\nHor\u00e1rio: 12h \u00e0s 21h (segunda a sexta-feira) e das 8h \u00e0s 16h (aos s\u00e1bados)<\/p>\n<p><strong>Shopping Sul<\/strong><br \/>\nTodas as vacinas do calend\u00e1rio de rotina<br \/>\nVacinas de campanha:<br \/>\n\u2013 Influenza: Toda a popula\u00e7\u00e3o acima de seis meses de idade;<br \/>\n\u2013 Covid-19: crian\u00e7as menores de 5 anos e grupos priorit\u00e1rios;<br \/>\n\u2013 HPV: campanha de atualiza\u00e7\u00e3o para o p\u00fablico de 9 a 19 anos.<br \/>\nHor\u00e1rio: 12h \u00e0s 21h (segunda a sexta-feira) e das 10h \u00e0s 16h (aos s\u00e1bados)<\/p>\n<p><strong>Shopping Tambi\u00e1<\/strong><br \/>\nTodas as vacinas do calend\u00e1rio de rotina<br \/>\nVacinas de campanha:<br \/>\n\u2013 Influenza: Toda a popula\u00e7\u00e3o acima de seis meses de idade;<br \/>\n\u2013 Covid-19: crian\u00e7as menores de 5 anos e grupos priorit\u00e1rios;<br \/>\n\u2013 HPV: campanha de atualiza\u00e7\u00e3o para o p\u00fablico de 9 a 19 anos.<br \/>\nHor\u00e1rio: 12h \u00e0s 20h (segunda a sexta-feira) e das 9h \u00e0s 16h (aos s\u00e1bados)<\/p>\n<p><strong>Vacina\u00e7\u00e3o Domiciliar<\/strong><br \/>\nPara ter acesso \u00e0 vacina\u00e7\u00e3o domiciliar, o cidad\u00e3o deve fazer o agendamento pelo aplicativo \u2018Jo\u00e3o Pessoa na Palma da M\u00e3o\u2019. A vacina\u00e7\u00e3o nas resid\u00eancias \u00e9 destinada \u00e0s pessoas acamadas (restritas ao leito).<\/p>\n<p>PBagora<\/p>\n","protected":false},"excerpt":{"rendered":"<p>A Campanha Nacional de Vacina\u00e7\u00e3o contra a Influenza foi ampliada e segue at\u00e9 31 de julho, com o objetivo de aumentar a cobertura vacinal entre os grupos priorit\u00e1rios. A prorroga\u00e7\u00e3o do prazo, estabelecida pelo Minist\u00e9rio da Sa\u00fade, tem como objetivo de expandir e fortalecer o alcance da vacina que protege contra a gripe, fazendo com &hellip;<\/p>\n","protected":false},"author":1,"featured_media":97326,"comment_status":"open","ping_status":"open","sticky":false,"template":"","format":"standard","meta":{"footnotes":""},"categories":[2],"tags":[],"class_list":["post-135222","post","type-post","status-publish","format-standard","has-post-thumbnail","hentry","category-saude"],"_links":{"self":[{"href":"https:\/\/iparaiba.com.br\/index.php\/wp-json\/wp\/v2\/posts\/135222","targetHints":{"allow":["GET"]}}],"collection":[{"href":"https:\/\/iparaiba.com.br\/index.php\/wp-json\/wp\/v2\/posts"}],"about":[{"href":"https:\/\/iparaiba.com.br\/index.php\/wp-json\/wp\/v2\/types\/post"}],"author":[{"embeddable":true,"href":"https:\/\/iparaiba.com.br\/index.php\/wp-json\/wp\/v2\/users\/1"}],"replies":[{"embeddable":true,"href":"https:\/\/iparaiba.com.br\/index.php\/wp-json\/wp\/v2\/comments?post=135222"}],"version-history":[{"count":1,"href":"https:\/\/iparaiba.com.br\/index.php\/wp-json\/wp\/v2\/posts\/135222\/revisions"}],"predecessor-version":[{"id":135244,"href":"https:\/\/iparaiba.com.br\/index.php\/wp-json\/wp\/v2\/posts\/135222\/revisions\/135244"}],"wp:featuredmedia":[{"embeddable":true,"href":"https:\/\/iparaiba.com.br\/index.php\/wp-json\/wp\/v2\/media\/97326"}],"wp:attachment":[{"href":"https:\/\/iparaiba.com.br\/index.php\/wp-json\/wp\/v2\/media?parent=135222"}],"wp:term":[{"taxonomy":"category","embeddable":true,"href":"https:\/\/iparaiba.com.br\/index.php\/wp-json\/wp\/v2\/categories?post=135222"},{"taxonomy":"post_tag","embeddable":true,"href":"https:\/\/iparaiba.com.br\/index.php\/wp-json\/wp\/v2\/tags?post=135222"}],"curies":[{"name":"wp","href":"https:\/\/api.w.org\/{rel}","templated":true}]}}