{"id":135219,"date":"2025-06-25T14:03:46","date_gmt":"2025-06-25T17:03:46","guid":{"rendered":"https:\/\/onordeste.com.br\/?p=135197"},"modified":"2025-06-25T14:03:46","modified_gmt":"2025-06-25T17:03:46","slug":"alpb-aprova-acao-estadual-de-educacao-e-conscientizacao-sobre-o-diabetes","status":"publish","type":"post","link":"https:\/\/iparaiba.com.br\/index.php\/2025\/06\/25\/alpb-aprova-acao-estadual-de-educacao-e-conscientizacao-sobre-o-diabetes\/","title":{"rendered":"ALPB aprova a\u00e7\u00e3o estadual de educa\u00e7\u00e3o e conscientiza\u00e7\u00e3o sobre o diabetes"},"content":{"rendered":"<p>A Assembleia Legislativa da Para\u00edba (ALPB) aprovou, por unanimidade, o Projeto de Lei (PL) 3.864\/2025, do deputado Gilberto, que institui a Semana Estadual de Aten\u00e7\u00e3o ao Diabetes na Para\u00edba. De acordo com a proposta, o per\u00edodo deve abranger o dia 14 de novembro, Dia Mundial do Diabetes.<\/p>\n<p>O deputado defende no seu projeto que durante a Semana Estadual de Aten\u00e7\u00e3o ao Diabetes sejam promovidas a\u00e7\u00f5es de conscientiza\u00e7\u00e3o e educa\u00e7\u00e3o em Diabetes de forma integrada com campanhas estimuladas mundiais pela (OMS) \u2013 Organiza\u00e7\u00e3o Mundial de Sa\u00fade. O texto estabelece ainda que estas iniciativas de forma conjunta com \u00f3rg\u00e3os e entidades, p\u00fablicos e privados, para que desta forma haja um melhor resultado no que diz respeito a levar informa\u00e7\u00f5es \u00e0 comunidade.<\/p>\n<p>\u201cA inten\u00e7\u00e3o \u00e9 n\u00e3o apenas informar sobre a import\u00e2ncia da detec\u00e7\u00e3o precoce e tratamento adequado, mas tamb\u00e9m alertar sobre os fatores de risco, como sedentarismo, alimenta\u00e7\u00e3o consumida e hist\u00f3rico familiar\u201d, justificou o deputado.<\/p>\n","protected":false},"excerpt":{"rendered":"<p>A Assembleia Legislativa da Para\u00edba (ALPB) aprovou, por unanimidade, o Projeto de Lei (PL) 3.864\/2025, do deputado Gilberto, que institui a Semana Estadual de Aten\u00e7\u00e3o ao Diabetes na Para\u00edba. De acordo com a proposta, o per\u00edodo deve abranger o dia 14 de novembro, Dia Mundial do Diabetes. O deputado defende no seu projeto que durante &hellip;<\/p>\n","protected":false},"author":1,"featured_media":115221,"comment_status":"open","ping_status":"open","sticky":false,"template":"","format":"standard","meta":{"footnotes":""},"categories":[8],"tags":[],"class_list":["post-135219","post","type-post","status-publish","format-standard","has-post-thumbnail","hentry","category-politica"],"_links":{"self":[{"href":"https:\/\/iparaiba.com.br\/index.php\/wp-json\/wp\/v2\/posts\/135219","targetHints":{"allow":["GET"]}}],"collection":[{"href":"https:\/\/iparaiba.com.br\/index.php\/wp-json\/wp\/v2\/posts"}],"about":[{"href":"https:\/\/iparaiba.com.br\/index.php\/wp-json\/wp\/v2\/types\/post"}],"author":[{"embeddable":true,"href":"https:\/\/iparaiba.com.br\/index.php\/wp-json\/wp\/v2\/users\/1"}],"replies":[{"embeddable":true,"href":"https:\/\/iparaiba.com.br\/index.php\/wp-json\/wp\/v2\/comments?post=135219"}],"version-history":[{"count":1,"href":"https:\/\/iparaiba.com.br\/index.php\/wp-json\/wp\/v2\/posts\/135219\/revisions"}],"predecessor-version":[{"id":135241,"href":"https:\/\/iparaiba.com.br\/index.php\/wp-json\/wp\/v2\/posts\/135219\/revisions\/135241"}],"wp:featuredmedia":[{"embeddable":true,"href":"https:\/\/iparaiba.com.br\/index.php\/wp-json\/wp\/v2\/media\/115221"}],"wp:attachment":[{"href":"https:\/\/iparaiba.com.br\/index.php\/wp-json\/wp\/v2\/media?parent=135219"}],"wp:term":[{"taxonomy":"category","embeddable":true,"href":"https:\/\/iparaiba.com.br\/index.php\/wp-json\/wp\/v2\/categories?post=135219"},{"taxonomy":"post_tag","embeddable":true,"href":"https:\/\/iparaiba.com.br\/index.php\/wp-json\/wp\/v2\/tags?post=135219"}],"curies":[{"name":"wp","href":"https:\/\/api.w.org\/{rel}","templated":true}]}}