{"id":135190,"date":"2025-06-18T09:32:52","date_gmt":"2025-06-18T12:32:52","guid":{"rendered":"https:\/\/onordeste.com.br\/?p=135128"},"modified":"2025-06-18T09:32:52","modified_gmt":"2025-06-18T12:32:52","slug":"alerta-do-inmet-para-inicio-do-inverno","status":"publish","type":"post","link":"https:\/\/iparaiba.com.br\/index.php\/2025\/06\/18\/alerta-do-inmet-para-inicio-do-inverno\/","title":{"rendered":"Alerta do Inmet para in\u00edcio do inverno"},"content":{"rendered":"<p>A Coordenadoria Municipal de Prote\u00e7\u00e3o e Defesa Civil de Jo\u00e3o Pessoa (Compdec-JP) intensificou o monitoramento das \u00e1reas de risco ap\u00f3s o alerta de acumulado de chuva emitido, nesta ter\u00e7a-feira (17), pelo Instituto Nacional de Meteorologia (Inmet). O aviso meteorol\u00f3gico \u00e9 v\u00e1lido at\u00e9 10h da quarta-feira (18). J\u00e1 na pr\u00f3xima sexta-feira (20), come\u00e7a o per\u00edodo de inverno no Hemisf\u00e9rio Sul.<\/p>\n<p>De acordo com aviso emitido pelo Inmet, Jo\u00e3o Pessoa pode receber chuvas entre 20 e 30 mm\/h ou 50 mm\/dia, com baixo risco de alagamentos e pequenos deslizamentos. As equipes da Defesa Civil est\u00e3o de prontid\u00e3o desde o in\u00edcio do alerta para atender a popula\u00e7\u00e3o, principalmente quem mora nas \u00e1reas de risco.<\/p>\n<p>\u201cCom a proximidade do in\u00edcio oficial do inverno, n\u00f3s estamos refor\u00e7ando nossas aten\u00e7\u00f5es aos diversos locais de risco existentes em nossa cidade, seguindo \u00e0s recomenda\u00e7\u00f5es da gest\u00e3o. Igualmente, ap\u00f3s o sucesso do lan\u00e7amento da ferramenta \u2018Defesa Civil Alerta\u2019, incentivamos as pessoas a realizarem o cadastro, via SMS, pelo n\u00famero 40199, informando o CEP, para continuarem recebendo alertas de eventos naturais. Qualquer d\u00favida, ligue 199 ou envie um WhatsApp para o n\u00famero 98831-6885, que os nossos atendentes ajudar\u00e3o no cadastro\u201d, disse Kelson Chaves, coordenador da Defesa Civil da Capital.<\/p>\n<p>O coordenador destacou ainda que as pessoas devem adotar algumas medidas em caso de chuvas fortes, como evitar atravessar trechos alagados, evitar o uso de eletroeletr\u00f4nicos ao relento, evitar o abrigo sob \u00e1rvores e abandonar imediatamente locais de risco a qualquer sinal de anormalidade e acionar a Defesa Civil.<\/p>\n<p>Como acionar \u2013 A Defesa Civil funciona 24 horas, inclusive aos s\u00e1bados, domingos e feriados e, em caso de necessidade, deve ser acionada pelo n\u00famero 98831-6885 (WhatsApp), pelo telefone 199, ou pelo aplicativo \u2018Jo\u00e3o Pessoa na Palma da M\u00e3o\u2019, que pode ser baixado gratuitamente nas plataformas Play Store e AppStore.<\/p>\n<p><em>Secom-JP<\/em><\/p>\n","protected":false},"excerpt":{"rendered":"<p>A Coordenadoria Municipal de Prote\u00e7\u00e3o e Defesa Civil de Jo\u00e3o Pessoa (Compdec-JP) intensificou o monitoramento das \u00e1reas de risco ap\u00f3s o alerta de acumulado de chuva emitido, nesta ter\u00e7a-feira (17), pelo Instituto Nacional de Meteorologia (Inmet). O aviso meteorol\u00f3gico \u00e9 v\u00e1lido at\u00e9 10h da quarta-feira (18). J\u00e1 na pr\u00f3xima sexta-feira (20), come\u00e7a o per\u00edodo de &hellip;<\/p>\n","protected":false},"author":1,"featured_media":101629,"comment_status":"open","ping_status":"open","sticky":false,"template":"","format":"standard","meta":{"footnotes":""},"categories":[3],"tags":[],"class_list":["post-135190","post","type-post","status-publish","format-standard","has-post-thumbnail","hentry","category-nordeste"],"_links":{"self":[{"href":"https:\/\/iparaiba.com.br\/index.php\/wp-json\/wp\/v2\/posts\/135190","targetHints":{"allow":["GET"]}}],"collection":[{"href":"https:\/\/iparaiba.com.br\/index.php\/wp-json\/wp\/v2\/posts"}],"about":[{"href":"https:\/\/iparaiba.com.br\/index.php\/wp-json\/wp\/v2\/types\/post"}],"author":[{"embeddable":true,"href":"https:\/\/iparaiba.com.br\/index.php\/wp-json\/wp\/v2\/users\/1"}],"replies":[{"embeddable":true,"href":"https:\/\/iparaiba.com.br\/index.php\/wp-json\/wp\/v2\/comments?post=135190"}],"version-history":[{"count":0,"href":"https:\/\/iparaiba.com.br\/index.php\/wp-json\/wp\/v2\/posts\/135190\/revisions"}],"wp:featuredmedia":[{"embeddable":true,"href":"https:\/\/iparaiba.com.br\/index.php\/wp-json\/wp\/v2\/media\/101629"}],"wp:attachment":[{"href":"https:\/\/iparaiba.com.br\/index.php\/wp-json\/wp\/v2\/media?parent=135190"}],"wp:term":[{"taxonomy":"category","embeddable":true,"href":"https:\/\/iparaiba.com.br\/index.php\/wp-json\/wp\/v2\/categories?post=135190"},{"taxonomy":"post_tag","embeddable":true,"href":"https:\/\/iparaiba.com.br\/index.php\/wp-json\/wp\/v2\/tags?post=135190"}],"curies":[{"name":"wp","href":"https:\/\/api.w.org\/{rel}","templated":true}]}}