{"id":135188,"date":"2025-06-18T09:30:19","date_gmt":"2025-06-18T12:30:19","guid":{"rendered":"https:\/\/onordeste.com.br\/?p=135124"},"modified":"2025-06-18T09:30:19","modified_gmt":"2025-06-18T12:30:19","slug":"ministro-defende-gas-mais-barato","status":"publish","type":"post","link":"https:\/\/iparaiba.com.br\/index.php\/2025\/06\/18\/ministro-defende-gas-mais-barato\/","title":{"rendered":"Ministro defende g\u00e1s mais barato"},"content":{"rendered":"<p>O ministro de Minas e Energia, Alexandre Silveira, defendeu nesta segunda-feira (16), na capital paulista, a redu\u00e7\u00e3o do pre\u00e7o do g\u00e1s natural como condi\u00e7\u00e3o essencial para a reindustrializa\u00e7\u00e3o do pa\u00eds.<\/p>\n<p>\u201cO Brasil precisa ter como premissas a seguran\u00e7a jur\u00eddica, o respeito aos contratos e a previsibilidade. A Petrobras, ao mesmo tempo que tem sua natureza jur\u00eddica, tem um grande papel social, especialmente onde ela tem monop\u00f3lio, como no escoamento do g\u00e1s natural das nossas plataformas. \u00c9 preciso equilibrar a for\u00e7a empresarial com a compreens\u00e3o das necessidades do Brasil. N\u00e3o se trata de intervencionismo, e a valoriza\u00e7\u00e3o das a\u00e7\u00f5es da companhia durante a gest\u00e3o do presidente Lula \u00e9 a maior prova disso\u201d, disse.<\/p>\n<p>Na manh\u00e3 de hoje, o ministro participou do semin\u00e1rio G\u00e1s para Empregar: Construindo uma Estrutura Justa e Sustent\u00e1vel de Pre\u00e7os, na sede da Federa\u00e7\u00e3o das Ind\u00fastrias do Estado de S\u00e3o Paulo (Fiesp).<\/p>\n<p>Durante o evento, Silveira tamb\u00e9m defendeu mudan\u00e7as na forma como a Petrobras atua no mercado de g\u00e1s natural. Para o ministro, a estatal precisa ajudar a reduzir os \u00edndices de reinje\u00e7\u00e3o do insumo.<\/p>\n<p>\u201cN\u00f3s precisamos que a estrutura corporativa da Petrobras ajude o Brasil. E que daqui para frente a companhia tenha a condi\u00e7\u00e3o de diminuir a reinje\u00e7\u00e3o do g\u00e1s para aumentar esse important\u00edssimo combust\u00edvel para a ind\u00fastria nacional\u201d, declarou.<\/p>\n<p>Segundo o ministro, o primeiro passo para que essas mudan\u00e7as ocorram \u201cser\u00e1 um compromisso da Petrobras com a PPSA [Empresa Brasileira de Administra\u00e7\u00e3o de Petr\u00f3leo e G\u00e1s Natural S.A] para o primeiro leil\u00e3o de g\u00e1s da Uni\u00e3o\u201d, disse.<\/p>\n<p>A expectativa do governo, afirmou ele, \u00e9 que esse leil\u00e3o ocorra \u201cno m\u00e1ximo, no primeiro semestre do ano que vem\u201d.<\/p>\n<p>Ag\u00eancia Brasil<\/p>\n","protected":false},"excerpt":{"rendered":"<p>O ministro de Minas e Energia, Alexandre Silveira, defendeu nesta segunda-feira (16), na capital paulista, a redu\u00e7\u00e3o do pre\u00e7o do g\u00e1s natural como condi\u00e7\u00e3o essencial para a reindustrializa\u00e7\u00e3o do pa\u00eds. \u201cO Brasil precisa ter como premissas a seguran\u00e7a jur\u00eddica, o respeito aos contratos e a previsibilidade. A Petrobras, ao mesmo tempo que tem sua natureza &hellip;<\/p>\n","protected":false},"author":1,"featured_media":107176,"comment_status":"open","ping_status":"open","sticky":false,"template":"","format":"standard","meta":{"footnotes":""},"categories":[7],"tags":[],"class_list":["post-135188","post","type-post","status-publish","format-standard","has-post-thumbnail","hentry","category-diversas"],"_links":{"self":[{"href":"https:\/\/iparaiba.com.br\/index.php\/wp-json\/wp\/v2\/posts\/135188","targetHints":{"allow":["GET"]}}],"collection":[{"href":"https:\/\/iparaiba.com.br\/index.php\/wp-json\/wp\/v2\/posts"}],"about":[{"href":"https:\/\/iparaiba.com.br\/index.php\/wp-json\/wp\/v2\/types\/post"}],"author":[{"embeddable":true,"href":"https:\/\/iparaiba.com.br\/index.php\/wp-json\/wp\/v2\/users\/1"}],"replies":[{"embeddable":true,"href":"https:\/\/iparaiba.com.br\/index.php\/wp-json\/wp\/v2\/comments?post=135188"}],"version-history":[{"count":0,"href":"https:\/\/iparaiba.com.br\/index.php\/wp-json\/wp\/v2\/posts\/135188\/revisions"}],"wp:featuredmedia":[{"embeddable":true,"href":"https:\/\/iparaiba.com.br\/index.php\/wp-json\/wp\/v2\/media\/107176"}],"wp:attachment":[{"href":"https:\/\/iparaiba.com.br\/index.php\/wp-json\/wp\/v2\/media?parent=135188"}],"wp:term":[{"taxonomy":"category","embeddable":true,"href":"https:\/\/iparaiba.com.br\/index.php\/wp-json\/wp\/v2\/categories?post=135188"},{"taxonomy":"post_tag","embeddable":true,"href":"https:\/\/iparaiba.com.br\/index.php\/wp-json\/wp\/v2\/tags?post=135188"}],"curies":[{"name":"wp","href":"https:\/\/api.w.org\/{rel}","templated":true}]}}