{"id":135187,"date":"2025-06-18T09:28:34","date_gmt":"2025-06-18T12:28:34","guid":{"rendered":"https:\/\/onordeste.com.br\/?p=135122"},"modified":"2025-06-18T09:28:34","modified_gmt":"2025-06-18T12:28:34","slug":"defesa-civil-alerta-e-lancado","status":"publish","type":"post","link":"https:\/\/iparaiba.com.br\/index.php\/2025\/06\/18\/defesa-civil-alerta-e-lancado\/","title":{"rendered":"Defesa Civil Alerta \u00e9 lan\u00e7ado"},"content":{"rendered":"<p>A partir desta\u00a0quarta-feira\u00a0(18), a popula\u00e7\u00e3o dos\u00a0nove estados do\u00a0Nordeste passar\u00e1 a contar\u00a0oficialmente\u00a0com o\u00a0Defesa\u00a0Civil\u00a0Alerta,\u00a0nova ferramenta de comunica\u00e7\u00e3o emergencial desenvolvida pelo Governo\u00a0Federal. Os\u00a0alertas, que ser\u00e3o enviados diretamente para a tela dos celulares da popula\u00e7\u00e3o, ter\u00e3o seus conte\u00fados e crit\u00e9rios de envio definidos exclusivamente pelas\u00a0Defesas Civis estaduais, com base em protocolos t\u00e9cnicos. O objetivo\u00a0\u00e9\u00a0informar, orientar e proteger a popula\u00e7\u00e3o em situa\u00e7\u00f5es de risco iminente, como alagamentos, enxurradas, deslizamentos de terra, vendavais e chuvas de granizo.<\/p>\n<div class=\"related\">\n<div><span class=\"leiatambem\">Leia Tamb\u00e9m:<\/span><\/p>\n<div class=\"pk-inline-posts\">\n<div class=\"pk-inline-posts-container pk-inline-posts-template-grid\" data-columns=\"1\">\n<article id=\"post-904795\" class=\"post-904795 post type-post status-publish format-standard has-post-thumbnail category-paraiba tag-destaque-centro-01 cs-entry cs-video-wrap\">\n<div class=\"pk-post-outer\">\n<div class=\"pk-post-inner\"><\/div>\n<div class=\"pk-post-inner\">\n<header>\n<h5 class=\"pk-title\"><a href=\"https:\/\/www.pbagora.com.br\/noticia\/paraiba\/cicero-desembarca-nesta-quarta-no-rio-grande-do-norte-e-deve-falar-com-a-imprensa-em-joao-pessoa\/\" rel=\"bookmark\">C\u00edcero desembarca nesta quarta no Rio Grande do Norte e deve falar com a imprensa em Jo\u00e3o Pessoa<\/a><\/h5>\n<\/header>\n<\/div>\n<\/div>\n<\/article>\n<\/div>\n<\/div>\n<\/div>\n<\/div>\n<p>O lan\u00e7amento oficial ocorre ap\u00f3s a realiza\u00e7\u00e3o de testes\u00a0no\u00a0\u00faltimo s\u00e1bado (14), quando o sistema foi ativado em 36 munic\u00edpios das\u00a0nove capitais\u00a0nordestinas. A a\u00e7\u00e3o contou com a participa\u00e7\u00e3o do presidente Luiz In\u00e1cio Lula da Silva e do ministro da Integra\u00e7\u00e3o e do Desenvolvimento Regional, Waldez G\u00f3es, em cerim\u00f4nia realizada\u00a0no\u00a0Centro Nacional de Gerenciamento de Riscos e Desastres (Cenad), em Bras\u00edlia.<\/p>\n<p>\u201cEssa ferramenta foi criada para que o aviso chegue antes que o perigo alcance as pessoas.\u00a0Nosso compromisso\u00a0\u00e9\u00a0salvar vidas, garantindo que a popula\u00e7\u00e3o receba\u00a0alertas em tempo h\u00e1bil para agir com seguran\u00e7a\u201d, afirmou o ministro Waldez G\u00f3es.<\/p>\n<p>Utilizando tecnologia de cell broadcast, o\u00a0Defesa\u00a0Civil\u00a0Alerta\u00a0envia mensagens de texto com sons aud\u00edveis, mesmo que o celular esteja\u00a0no\u00a0modo silencioso, sobrepondo-se ao conte\u00fado acessado\u00a0no\u00a0momento. O envio\u00a0\u00e9\u00a0autom\u00e1tico, sem necessidade de cadastro, e funciona em aparelhos conectados \u00e0s redes 4G e 5G em \u00e1reas sob risco de desastres.<\/p>\n<p>A ferramenta amplia a capacidade de resposta das autoridades e complementa os canais j\u00e1 existentes de comunica\u00e7\u00e3o de risco, como SMS, TV por assinatura, WhatsApp, Telegram e Google Public Alerts. A iniciativa segue uma determina\u00e7\u00e3o da Ag\u00eancia Nacional de Telecomunica\u00e7\u00f5es (Anatel), de outubro de 2022, que orientou a moderniza\u00e7\u00e3o do sistema de\u00a0notifica\u00e7\u00f5es p\u00fablicas de desastres\u00a0no\u00a0pa\u00eds.<\/p>\n<p>A ativa\u00e7\u00e3o\u00a0no\u00a0Nordeste representa um passo decisivo na nacionaliza\u00e7\u00e3o do sistema. Todos os estados brasileiros j\u00e1 foram capacitados e certificados para operar o\u00a0Defesa\u00a0Civil\u00a0Alerta. A expectativa do Governo\u00a0Federal\u00a0\u00e9\u00a0que o sistema seja\u00a0lan\u00e7ado\u00a0oficialmente\u00a0nas regi\u00f5es\u00a0Norte e Centro-Oeste ainda\u00a0no\u00a0segundo semestre de 2025.<\/p>\n<p>O secret\u00e1rio nacional de Prote\u00e7\u00e3o e\u00a0Defesa\u00a0Civil, Wolnei Wolff, destacou que os t\u00e9cnicos da\u00a0Defesa\u00a0Civil\u00a0Nacional percorreram todos os estados do Brasil, com treinamentos presenciais, garantindo que os protocolos estejam em conformidade com as diretrizes do\u00a0novo sistema.\u00a0\u201cNa semana passada, mais de 30 t\u00e9cnicos da\u00a0Defesa\u00a0Civil\u00a0Nacional estiveram em regi\u00f5es do\u00a0Norte e do Centro-Oeste realizando capacita\u00e7\u00f5es. A ideia\u00a0\u00e9\u00a0que, at\u00e9\u00a0o fim de agosto, possamos realizar\u00a0novos testes e disponibilizar tamb\u00e9m a ferramenta\u00a0Defesa\u00a0Civil\u00a0Alerta\u00a0em todo o territ\u00f3rio nacional\u201d, explicou Wolff.<\/p>\n<p><strong><em>PB Agora<\/em><\/strong><\/p>\n","protected":false},"excerpt":{"rendered":"<p>A partir desta\u00a0quarta-feira\u00a0(18), a popula\u00e7\u00e3o dos\u00a0nove estados do\u00a0Nordeste passar\u00e1 a contar\u00a0oficialmente\u00a0com o\u00a0Defesa\u00a0Civil\u00a0Alerta,\u00a0nova ferramenta de comunica\u00e7\u00e3o emergencial desenvolvida pelo Governo\u00a0Federal. Os\u00a0alertas, que ser\u00e3o enviados diretamente para a tela dos celulares da popula\u00e7\u00e3o, ter\u00e3o seus conte\u00fados e crit\u00e9rios de envio definidos exclusivamente pelas\u00a0Defesas Civis estaduais, com base em protocolos t\u00e9cnicos. O objetivo\u00a0\u00e9\u00a0informar, orientar e proteger a popula\u00e7\u00e3o &hellip;<\/p>\n","protected":false},"author":1,"featured_media":134037,"comment_status":"open","ping_status":"open","sticky":false,"template":"","format":"standard","meta":{"footnotes":""},"categories":[3],"tags":[],"class_list":["post-135187","post","type-post","status-publish","format-standard","has-post-thumbnail","hentry","category-nordeste"],"_links":{"self":[{"href":"https:\/\/iparaiba.com.br\/index.php\/wp-json\/wp\/v2\/posts\/135187","targetHints":{"allow":["GET"]}}],"collection":[{"href":"https:\/\/iparaiba.com.br\/index.php\/wp-json\/wp\/v2\/posts"}],"about":[{"href":"https:\/\/iparaiba.com.br\/index.php\/wp-json\/wp\/v2\/types\/post"}],"author":[{"embeddable":true,"href":"https:\/\/iparaiba.com.br\/index.php\/wp-json\/wp\/v2\/users\/1"}],"replies":[{"embeddable":true,"href":"https:\/\/iparaiba.com.br\/index.php\/wp-json\/wp\/v2\/comments?post=135187"}],"version-history":[{"count":0,"href":"https:\/\/iparaiba.com.br\/index.php\/wp-json\/wp\/v2\/posts\/135187\/revisions"}],"wp:featuredmedia":[{"embeddable":true,"href":"https:\/\/iparaiba.com.br\/index.php\/wp-json\/wp\/v2\/media\/134037"}],"wp:attachment":[{"href":"https:\/\/iparaiba.com.br\/index.php\/wp-json\/wp\/v2\/media?parent=135187"}],"wp:term":[{"taxonomy":"category","embeddable":true,"href":"https:\/\/iparaiba.com.br\/index.php\/wp-json\/wp\/v2\/categories?post=135187"},{"taxonomy":"post_tag","embeddable":true,"href":"https:\/\/iparaiba.com.br\/index.php\/wp-json\/wp\/v2\/tags?post=135187"}],"curies":[{"name":"wp","href":"https:\/\/api.w.org\/{rel}","templated":true}]}}