{"id":135179,"date":"2025-06-21T12:00:40","date_gmt":"2025-06-21T15:00:40","guid":{"rendered":"https:\/\/onordeste.com.br\/?p=135179"},"modified":"2025-06-21T12:00:40","modified_gmt":"2025-06-21T15:00:40","slug":"ficco-pi-deflagra-operacao-contra-organizacao-criminosa","status":"publish","type":"post","link":"https:\/\/iparaiba.com.br\/index.php\/2025\/06\/21\/ficco-pi-deflagra-operacao-contra-organizacao-criminosa\/","title":{"rendered":"FICCO\/PI deflagra opera\u00e7\u00e3o contra organiza\u00e7\u00e3o criminosa"},"content":{"rendered":"<p><b>Parna\u00edba\/PI.<\/b>\u00a0A For\u00e7a Integrada de Combate ao Crime Organizado no Piau\u00ed &#8211; FICCO\/PI deflagrou nesta quarta-feira (18\/6) a Opera\u00e7\u00e3o Arcano IV, com o objetivo de desarticular uma organiza\u00e7\u00e3o criminosa com atua\u00e7\u00e3o na regi\u00e3o central do estado.<\/p>\n<p>Ao todo, foram cumpridos 13 mandados judiciais expedidos pela Central de Inqu\u00e9ritos de Parna\u00edba\/PI, sendo 9 mandados de pris\u00e3o tempor\u00e1ria e 4 de busca e apreens\u00e3o, nos munic\u00edpios de S\u00e3o Jo\u00e3o da Serra, Jos\u00e9 de Freitas e Teresina.<\/p>\n<p>A a\u00e7\u00e3o marca mais uma fase da Opera\u00e7\u00e3o Arcano, iniciada em janeiro, que investiga a atua\u00e7\u00e3o de fac\u00e7\u00f5es criminosas ligadas a um grupo origin\u00e1rio de S\u00e3o Paulo. As investiga\u00e7\u00f5es revelaram a pr\u00e1tica de crimes de tr\u00e1fico de drogas e organiza\u00e7\u00e3o criminosa, com ramifica\u00e7\u00f5es em diversas cidades piauienses.<\/p>\n<p>As dilig\u00eancias desta quarta-feira visam desarticular n\u00facleos locais da fac\u00e7\u00e3o e identificar novos integrantes que atuam de forma coordenada, principalmente nos tr\u00eas munic\u00edpios-alvo da opera\u00e7\u00e3o.<\/p>\n<p>A For\u00e7a Integrada de Combate ao Crime Organizado no Piau\u00ed \u00e9 composta por representantes da Pol\u00edcia Federal, Pol\u00edcia Civil, Pol\u00edcia Militar, Pol\u00edcia Penal e SENAPPEN, que atuam de forma conjunta no enfrentamento \u00e0s organiza\u00e7\u00f5es criminosas no estado.<\/p>\n<p align=\"right\"><i>Comunica\u00e7\u00e3o Social da Pol\u00edcia Federal no Piau\u00ed<\/i><\/p>\n","protected":false},"excerpt":{"rendered":"<p>Parna\u00edba\/PI.\u00a0A For\u00e7a Integrada de Combate ao Crime Organizado no Piau\u00ed &#8211; FICCO\/PI deflagrou nesta quarta-feira (18\/6) a Opera\u00e7\u00e3o Arcano IV, com o objetivo de desarticular uma organiza\u00e7\u00e3o criminosa com atua\u00e7\u00e3o na regi\u00e3o central do estado. Ao todo, foram cumpridos 13 mandados judiciais expedidos pela Central de Inqu\u00e9ritos de Parna\u00edba\/PI, sendo 9 mandados de pris\u00e3o tempor\u00e1ria &hellip;<\/p>\n","protected":false},"author":1,"featured_media":119197,"comment_status":"open","ping_status":"open","sticky":false,"template":"","format":"standard","meta":{"footnotes":""},"categories":[13],"tags":[],"class_list":["post-135179","post","type-post","status-publish","format-standard","has-post-thumbnail","hentry","category-policial"],"_links":{"self":[{"href":"https:\/\/iparaiba.com.br\/index.php\/wp-json\/wp\/v2\/posts\/135179","targetHints":{"allow":["GET"]}}],"collection":[{"href":"https:\/\/iparaiba.com.br\/index.php\/wp-json\/wp\/v2\/posts"}],"about":[{"href":"https:\/\/iparaiba.com.br\/index.php\/wp-json\/wp\/v2\/types\/post"}],"author":[{"embeddable":true,"href":"https:\/\/iparaiba.com.br\/index.php\/wp-json\/wp\/v2\/users\/1"}],"replies":[{"embeddable":true,"href":"https:\/\/iparaiba.com.br\/index.php\/wp-json\/wp\/v2\/comments?post=135179"}],"version-history":[{"count":1,"href":"https:\/\/iparaiba.com.br\/index.php\/wp-json\/wp\/v2\/posts\/135179\/revisions"}],"predecessor-version":[{"id":135214,"href":"https:\/\/iparaiba.com.br\/index.php\/wp-json\/wp\/v2\/posts\/135179\/revisions\/135214"}],"wp:featuredmedia":[{"embeddable":true,"href":"https:\/\/iparaiba.com.br\/index.php\/wp-json\/wp\/v2\/media\/119197"}],"wp:attachment":[{"href":"https:\/\/iparaiba.com.br\/index.php\/wp-json\/wp\/v2\/media?parent=135179"}],"wp:term":[{"taxonomy":"category","embeddable":true,"href":"https:\/\/iparaiba.com.br\/index.php\/wp-json\/wp\/v2\/categories?post=135179"},{"taxonomy":"post_tag","embeddable":true,"href":"https:\/\/iparaiba.com.br\/index.php\/wp-json\/wp\/v2\/tags?post=135179"}],"curies":[{"name":"wp","href":"https:\/\/api.w.org\/{rel}","templated":true}]}}