{"id":135177,"date":"2025-06-21T10:00:32","date_gmt":"2025-06-21T13:00:32","guid":{"rendered":"https:\/\/onordeste.com.br\/?p=135177"},"modified":"2025-06-21T10:00:32","modified_gmt":"2025-06-21T13:00:32","slug":"pf-combate-abuso-sexual-infantojuvenil-2","status":"publish","type":"post","link":"https:\/\/iparaiba.com.br\/index.php\/2025\/06\/21\/pf-combate-abuso-sexual-infantojuvenil-2\/","title":{"rendered":"PF combate abuso sexual infantojuvenil"},"content":{"rendered":"<p dir=\"ltr\"><strong>Fortaleza\/CE.<\/strong>\u00a0A Pol\u00edcia Federal deflagrou, na manh\u00e3 desta quarta-feira (18\/6), a Opera\u00e7\u00e3o Pureza Roubada IV, destinada \u00e0 apura\u00e7\u00e3o de crimes relacionados \u00e0 explora\u00e7\u00e3o sexual de crian\u00e7as e adolescentes no ambiente virtual.<\/p>\n<p dir=\"ltr\">A investiga\u00e7\u00e3o teve in\u00edcio a partir de den\u00fancias internacionais recebidas pelo canal oficial de coopera\u00e7\u00e3o policial no combate ao abuso infantil na internet. As comunica\u00e7\u00f5es indicavam que um usu\u00e1rio sediado em Fortaleza\/CE teria armazenado, compartilhado e possivelmente produzido imagens de abuso sexual infantil.<\/p>\n<p dir=\"ltr\">Os materiais compartilhados foram identificados em redes sociais, com registros de atividade entre setembro de 2024 e janeiro de 2025.<\/p>\n<p dir=\"ltr\">Durante a apura\u00e7\u00e3o, surgiram ind\u00edcios de que o investigado poderia apresentar limita\u00e7\u00f5es cognitivas significativas, o que motivou o pedido de medidas cautelares tamb\u00e9m em face dos genitores e respons\u00e1veis legais, como a proibi\u00e7\u00e3o de acesso \u00e0 internet e recomenda\u00e7\u00e3o de acompanhamento familiar intensivo.<\/p>\n<p dir=\"ltr\">Esta opera\u00e7\u00e3o reitera o compromisso cont\u00ednuo da Pol\u00edcia Federal com a prote\u00e7\u00e3o dos mais vulner\u00e1veis e o enfrentamento qualificado dos crimes que amea\u00e7am a seguran\u00e7a de nossa sociedade no ambiente digital.<\/p>\n<p dir=\"ltr\"><em>Comunica\u00e7\u00e3o Social da Pol\u00edcia Federal no Cear\u00e1<\/em><\/p>\n","protected":false},"excerpt":{"rendered":"<p>Fortaleza\/CE.\u00a0A Pol\u00edcia Federal deflagrou, na manh\u00e3 desta quarta-feira (18\/6), a Opera\u00e7\u00e3o Pureza Roubada IV, destinada \u00e0 apura\u00e7\u00e3o de crimes relacionados \u00e0 explora\u00e7\u00e3o sexual de crian\u00e7as e adolescentes no ambiente virtual. A investiga\u00e7\u00e3o teve in\u00edcio a partir de den\u00fancias internacionais recebidas pelo canal oficial de coopera\u00e7\u00e3o policial no combate ao abuso infantil na internet. As comunica\u00e7\u00f5es &hellip;<\/p>\n","protected":false},"author":1,"featured_media":98035,"comment_status":"open","ping_status":"open","sticky":false,"template":"","format":"standard","meta":{"footnotes":""},"categories":[13],"tags":[],"class_list":["post-135177","post","type-post","status-publish","format-standard","has-post-thumbnail","hentry","category-policial"],"_links":{"self":[{"href":"https:\/\/iparaiba.com.br\/index.php\/wp-json\/wp\/v2\/posts\/135177","targetHints":{"allow":["GET"]}}],"collection":[{"href":"https:\/\/iparaiba.com.br\/index.php\/wp-json\/wp\/v2\/posts"}],"about":[{"href":"https:\/\/iparaiba.com.br\/index.php\/wp-json\/wp\/v2\/types\/post"}],"author":[{"embeddable":true,"href":"https:\/\/iparaiba.com.br\/index.php\/wp-json\/wp\/v2\/users\/1"}],"replies":[{"embeddable":true,"href":"https:\/\/iparaiba.com.br\/index.php\/wp-json\/wp\/v2\/comments?post=135177"}],"version-history":[{"count":1,"href":"https:\/\/iparaiba.com.br\/index.php\/wp-json\/wp\/v2\/posts\/135177\/revisions"}],"predecessor-version":[{"id":135213,"href":"https:\/\/iparaiba.com.br\/index.php\/wp-json\/wp\/v2\/posts\/135177\/revisions\/135213"}],"wp:featuredmedia":[{"embeddable":true,"href":"https:\/\/iparaiba.com.br\/index.php\/wp-json\/wp\/v2\/media\/98035"}],"wp:attachment":[{"href":"https:\/\/iparaiba.com.br\/index.php\/wp-json\/wp\/v2\/media?parent=135177"}],"wp:term":[{"taxonomy":"category","embeddable":true,"href":"https:\/\/iparaiba.com.br\/index.php\/wp-json\/wp\/v2\/categories?post=135177"},{"taxonomy":"post_tag","embeddable":true,"href":"https:\/\/iparaiba.com.br\/index.php\/wp-json\/wp\/v2\/tags?post=135177"}],"curies":[{"name":"wp","href":"https:\/\/api.w.org\/{rel}","templated":true}]}}