{"id":135169,"date":"2025-06-20T16:00:44","date_gmt":"2025-06-20T19:00:44","guid":{"rendered":"https:\/\/onordeste.com.br\/?p=135169"},"modified":"2025-06-20T16:00:44","modified_gmt":"2025-06-20T19:00:44","slug":"sessao-especial-lanca-frente-parlamentar-de-atencao-a-saude-mental","status":"publish","type":"post","link":"https:\/\/iparaiba.com.br\/index.php\/2025\/06\/20\/sessao-especial-lanca-frente-parlamentar-de-atencao-a-saude-mental\/","title":{"rendered":"Sess\u00e3o especial lan\u00e7a Frente Parlamentar de Aten\u00e7\u00e3o \u00e0 Sa\u00fade Mental"},"content":{"rendered":"<p style=\"font-weight: 400;\">A C\u00e2mara Municipal de Jo\u00e3o Pessoa (CMJP) realizou sess\u00e3o especial para lan\u00e7amento da Frente Parlamentar de Aten\u00e7\u00e3o \u00e0 Sa\u00fade Mental. A solenidade reuniu representantes de entidades ligadas ao tema e foi proposta pela vereadora Jailma Carvalho (PSB), que tamb\u00e9m \u00e9 a presidente da Frente na Casa Napole\u00e3o Laureano.<\/p>\n<p style=\"font-weight: 400;\">A parlamentar destacou as motiva\u00e7\u00f5es para a cria\u00e7\u00e3o da Frente. \u201cEu j\u00e1 tinha o desejo pessoal, mas, nas minhas andan\u00e7as pela cidade, observei a necessidade de discutir a sa\u00fade mental, sem preconceitos. Tamb\u00e9m vi que os transtornos mentais vem atingindo a juventude, as mulheres e os idosos. N\u00f3s precisamos trazer visibilidade para essa pauta, garantir o fortalecimento e a amplia\u00e7\u00e3o da rede de sa\u00fade mental, porque essa \u00e9 uma das maiores problem\u00e1ticas nos dias de hoje. Precisamos discutir com muita seriedade, junto com o coletivo e trazendo essa pauta enquanto sa\u00fade p\u00fablica\u201d, afirmou.<\/p>\n<p style=\"font-weight: 400;\">O vereador Marcos Henriques (PT), membro da Frente Parlamentar de Aten\u00e7\u00e3o \u00e0 Sa\u00fade Mental, falou que desde 2021 entregou uma pauta de reivindica\u00e7\u00f5es sobre o tema \u00e0 Prefeitura, para que alguma medida fosse tomada. \u201cFizemos duas rodadas de negocia\u00e7\u00e3o, mas depois a Prefeitura n\u00e3o se fez mais presente. Isso \u00e9 muito ruim, porque o nosso interesse n\u00e3o \u00e9 falar mal, seja de qual for a gest\u00e3o, e sim resolver os problemas relacionados \u00e0 sa\u00fade mental. N\u00f3s, que fazemos a Frente, coordenada pela vereadora Jailma, esperamos atender a esse tema t\u00e3o importante para a vida do pessoense\u201d, acrescentou.<\/p>\n<p style=\"font-weight: 400;\">O vereador Wamberto Ulysses (Republicanos) colocou o mandato \u00e0 disposi\u00e7\u00e3o para ajudar no trabalho da Frente de Sa\u00fade Mental. \u201cN\u00e3o poderia deixar de participar dessa sess\u00e3o, para tentar aprender com cada um de voc\u00eas, e colocar meu mandato \u00e0 disposi\u00e7\u00e3o para contribuir de alguma forma para a sa\u00fade mental dos pessoenses\u201d, disse.<\/p>\n<p style=\"font-weight: 400;\">Para Fernanda Peres, Defensora P\u00fablica da Para\u00edba, a cria\u00e7\u00e3o dessa Frente renova as esperan\u00e7as de que as pol\u00edticas p\u00fablicas de sa\u00fade mental sejam efetivas no munic\u00edpio de Jo\u00e3o Pessoa. \u201cN\u00f3s precisamos pensar nos usu\u00e1rios, que t\u00eam muitas dificuldades de acesso aos Caps. Muitos sequer conseguem ir aos centros fazer o tratamento\u201d, colocou.<\/p>\n<p style=\"font-weight: 400;\">Yassiara Mendes, representante da secretaria estadual de Sa\u00fade, disse que o Estado coordena a pol\u00edtica de sa\u00fade mental em todos os 223 munic\u00edpios. \u201cO objetivo de toda essa normativa e dos marcos regulat\u00f3rios nada mais \u00e9 do que ampliar o acesso \u00e0 aten\u00e7\u00e3o psicossocial da popula\u00e7\u00e3o, promover a vincula\u00e7\u00e3o das pessoas em sofrimento mental e suas fam\u00edlias, e garantir a articula\u00e7\u00e3o e integra\u00e7\u00e3o dos pontos de aten\u00e7\u00e3o no territ\u00f3rio\u201d, pontuou.<\/p>\n<p style=\"font-weight: 400;\">A Frente Parlamentar de Aten\u00e7\u00e3o a Sa\u00fade Mental \u00e9 formada pelos vereadores Jailma Carvalho; R\u00f4mulo Dantas (Mobiliza); Marcos Henriques; Guguinha Moov Jampa (PSD) e Edmilson Soares (PSB). Participaram ainda da sess\u00e3o especial o vereador Toinho P\u00e9 de A\u00e7o (Republicanos); Leonardo Pereira, promotor de sa\u00fade de Jo\u00e3o Pessoa; Mo\u00e1s Cardoso, psic\u00f3logo, entre outros.<\/p>\n<p>CMJP<\/p>\n","protected":false},"excerpt":{"rendered":"<p>A C\u00e2mara Municipal de Jo\u00e3o Pessoa (CMJP) realizou sess\u00e3o especial para lan\u00e7amento da Frente Parlamentar de Aten\u00e7\u00e3o \u00e0 Sa\u00fade Mental. A solenidade reuniu representantes de entidades ligadas ao tema e foi proposta pela vereadora Jailma Carvalho (PSB), que tamb\u00e9m \u00e9 a presidente da Frente na Casa Napole\u00e3o Laureano. A parlamentar destacou as motiva\u00e7\u00f5es para a &hellip;<\/p>\n","protected":false},"author":1,"featured_media":109412,"comment_status":"open","ping_status":"open","sticky":false,"template":"","format":"standard","meta":{"footnotes":""},"categories":[2],"tags":[],"class_list":["post-135169","post","type-post","status-publish","format-standard","has-post-thumbnail","hentry","category-saude"],"_links":{"self":[{"href":"https:\/\/iparaiba.com.br\/index.php\/wp-json\/wp\/v2\/posts\/135169","targetHints":{"allow":["GET"]}}],"collection":[{"href":"https:\/\/iparaiba.com.br\/index.php\/wp-json\/wp\/v2\/posts"}],"about":[{"href":"https:\/\/iparaiba.com.br\/index.php\/wp-json\/wp\/v2\/types\/post"}],"author":[{"embeddable":true,"href":"https:\/\/iparaiba.com.br\/index.php\/wp-json\/wp\/v2\/users\/1"}],"replies":[{"embeddable":true,"href":"https:\/\/iparaiba.com.br\/index.php\/wp-json\/wp\/v2\/comments?post=135169"}],"version-history":[{"count":1,"href":"https:\/\/iparaiba.com.br\/index.php\/wp-json\/wp\/v2\/posts\/135169\/revisions"}],"predecessor-version":[{"id":135209,"href":"https:\/\/iparaiba.com.br\/index.php\/wp-json\/wp\/v2\/posts\/135169\/revisions\/135209"}],"wp:featuredmedia":[{"embeddable":true,"href":"https:\/\/iparaiba.com.br\/index.php\/wp-json\/wp\/v2\/media\/109412"}],"wp:attachment":[{"href":"https:\/\/iparaiba.com.br\/index.php\/wp-json\/wp\/v2\/media?parent=135169"}],"wp:term":[{"taxonomy":"category","embeddable":true,"href":"https:\/\/iparaiba.com.br\/index.php\/wp-json\/wp\/v2\/categories?post=135169"},{"taxonomy":"post_tag","embeddable":true,"href":"https:\/\/iparaiba.com.br\/index.php\/wp-json\/wp\/v2\/tags?post=135169"}],"curies":[{"name":"wp","href":"https:\/\/api.w.org\/{rel}","templated":true}]}}