{"id":135165,"date":"2025-06-20T12:08:39","date_gmt":"2025-06-20T15:08:39","guid":{"rendered":"https:\/\/onordeste.com.br\/?p=135165"},"modified":"2025-06-20T12:08:39","modified_gmt":"2025-06-20T15:08:39","slug":"sessao-debate-a-politica-de-saude-mental-e-luta-antimanicomial","status":"publish","type":"post","link":"https:\/\/iparaiba.com.br\/index.php\/2025\/06\/20\/sessao-debate-a-politica-de-saude-mental-e-luta-antimanicomial\/","title":{"rendered":"Sess\u00e3o debate a pol\u00edtica de sa\u00fade mental e luta antimanicomial"},"content":{"rendered":"<p>A C\u00e2mara Municipal de Jo\u00e3o Pessoa (CMJP) realizou sess\u00e3o especial para debater a pol\u00edtica de sa\u00fade mental e luta antimanicomial. A solenidade reuniu representantes e membros de entidades ligadas ao assunto em Jo\u00e3o Pessoa.<\/p>\n<p align=\"justify\">O vereador Marcos Henriques (PT), autor da propositura, falou sobre a import\u00e2ncia e a urg\u00eancia de debater a tem\u00e1tica. \u201cNosso mandato tem um eixo muito importante, que \u00e9 o da sa\u00fade mental. Dizem os estudiosos que \u00e9 o mal do s\u00e9culo, seja ele relacionado \u00e0 depress\u00e3o ao \u00e0 ansiedade. A sa\u00fade mental tem que ser encarada pela gest\u00e3o municipal com responsabilidade, e n\u00e3o \u00e9 o que estamos vendo na Prefeitura de Jo\u00e3o Pessoa. Os Caps, por exemplo, est\u00e3o totalmente deteriorados, sem a manuten\u00e7\u00e3o adequada, com os usu\u00e1rios sem os atendimentos espec\u00edficos, que ajudam na ressocializa\u00e7\u00e3o e que s\u00e3o extremamente necess\u00e1rios. Estamos aqui n\u00e3o apenas para criticar, mas para apresentar propostas e, com o poder de mobiliza\u00e7\u00e3o, cobrar cada vez mais\u201d, afirmou.<\/p>\n<p align=\"justify\">Alcira Teot\u00f4nio, presidente do Conselho Regional de Psicologia (CRP), disse que \u00e9 importante ser persistente na luta por pol\u00edticas p\u00fablicas de sa\u00fade mental. \u201cQue bom que existe essa persist\u00eancia, porque n\u00f3s sabemos que falar em sa\u00fade mental, infelizmente, ainda \u00e9 algo colocado em segundo plano\u201d, acrescentou.<\/p>\n<p align=\"justify\">O vereador Milanez Neto (MDB) defendeu a import\u00e2ncia de falar de sa\u00fade mental de forma ampla. \u201cTratar a sa\u00fade mental n\u00e3o \u00e9 vergonha, \u00e9 necessidade, \u00e9 isso que a gente precisa compreender. \u00c9 lastim\u00e1vel a Secretaria Municipal de Sa\u00fade dar as costas para um tema t\u00e3o importante, sucateando os Caps e tratando com desrespeito os servidores que tratam a sa\u00fade mental no munic\u00edpio\u201d, criticou.<\/p>\n<p align=\"justify\">\u201cNesses dois anos n\u00f3s n\u00e3o conseguimos nenhum avan\u00e7o, muito pelo contr\u00e1rio, houve um retrocesso, devido \u00e0 total resist\u00eancia da coordena\u00e7\u00e3o de sa\u00fade mental do munic\u00edpio de Jo\u00e3o Pessoa em ouvir os apelos das pessoas que s\u00e3o militantes nessa \u00e1rea, e que se dispuseram a contribuir para a efetiva\u00e7\u00e3o de um sistema que realmente funcionasse\u201d, refor\u00e7ou Fernanda Peres, Defensora P\u00fablica da Para\u00edba.<\/p>\n<p align=\"justify\">O coronel do Corpo de Bombeiros Erik Oliveira destacou que o Corpo de Bombeiros atua nas situa\u00e7\u00f5es extremas. \u201cO adoecimento mental \u00e9 um dos principais fatores de risco para a ocorr\u00eancia da tentativa de suic\u00eddio. N\u00f3s temos lutado para capacitar os nossos profissionais para prestar um atendimento humanizado \u00e0quela pessoa que est\u00e1 em um momento de sofrimento, talvez no pior momento da sua vida, para que ele consiga conduzir esse paciente a uma unidade hospitalar\u201d, falou.<\/p>\n<p align=\"justify\">A vereadora Jailma Carvalho (PSB) concluiu dizendo que \u00e9 preciso debater a sa\u00fade mental como sa\u00fade p\u00fablica, desconstruindo os preconceitos que existem em torno dessa pauta t\u00e3o importante. \u201cFa\u00e7o parte da gest\u00e3o municipal, mas o meu compromisso maior \u00e9 com essa pauta. N\u00e3o terei problema nenhum em dialogar sobre esse assunto com a Prefeitura e lutarei com todas as minhas for\u00e7as para que possamos dialogar, com a seriedade que a pauta merece\u201d, finalizou.<\/p>\n<p align=\"justify\">Participaram ainda da sess\u00e3o especial Lorenzo Delaini, secret\u00e1rio-executivo da Rede Margaridas; Ver\u00f4nica Oliveira, Conselheira Tutelar na regi\u00e3o de Mangabeira; Ludmila Correia, professora do curso de Direito da UFPB, entre outros.<\/p>\n<p align=\"justify\"><b>CMJP<\/b><\/p>\n","protected":false},"excerpt":{"rendered":"<p>A C\u00e2mara Municipal de Jo\u00e3o Pessoa (CMJP) realizou sess\u00e3o especial para debater a pol\u00edtica de sa\u00fade mental e luta antimanicomial. A solenidade reuniu representantes e membros de entidades ligadas ao assunto em Jo\u00e3o Pessoa. O vereador Marcos Henriques (PT), autor da propositura, falou sobre a import\u00e2ncia e a urg\u00eancia de debater a tem\u00e1tica. \u201cNosso mandato &hellip;<\/p>\n","protected":false},"author":1,"featured_media":99615,"comment_status":"open","ping_status":"open","sticky":false,"template":"","format":"standard","meta":{"footnotes":""},"categories":[2],"tags":[],"class_list":["post-135165","post","type-post","status-publish","format-standard","has-post-thumbnail","hentry","category-saude"],"_links":{"self":[{"href":"https:\/\/iparaiba.com.br\/index.php\/wp-json\/wp\/v2\/posts\/135165","targetHints":{"allow":["GET"]}}],"collection":[{"href":"https:\/\/iparaiba.com.br\/index.php\/wp-json\/wp\/v2\/posts"}],"about":[{"href":"https:\/\/iparaiba.com.br\/index.php\/wp-json\/wp\/v2\/types\/post"}],"author":[{"embeddable":true,"href":"https:\/\/iparaiba.com.br\/index.php\/wp-json\/wp\/v2\/users\/1"}],"replies":[{"embeddable":true,"href":"https:\/\/iparaiba.com.br\/index.php\/wp-json\/wp\/v2\/comments?post=135165"}],"version-history":[{"count":1,"href":"https:\/\/iparaiba.com.br\/index.php\/wp-json\/wp\/v2\/posts\/135165\/revisions"}],"predecessor-version":[{"id":135207,"href":"https:\/\/iparaiba.com.br\/index.php\/wp-json\/wp\/v2\/posts\/135165\/revisions\/135207"}],"wp:featuredmedia":[{"embeddable":true,"href":"https:\/\/iparaiba.com.br\/index.php\/wp-json\/wp\/v2\/media\/99615"}],"wp:attachment":[{"href":"https:\/\/iparaiba.com.br\/index.php\/wp-json\/wp\/v2\/media?parent=135165"}],"wp:term":[{"taxonomy":"category","embeddable":true,"href":"https:\/\/iparaiba.com.br\/index.php\/wp-json\/wp\/v2\/categories?post=135165"},{"taxonomy":"post_tag","embeddable":true,"href":"https:\/\/iparaiba.com.br\/index.php\/wp-json\/wp\/v2\/tags?post=135165"}],"curies":[{"name":"wp","href":"https:\/\/api.w.org\/{rel}","templated":true}]}}