{"id":135163,"date":"2025-06-20T10:06:08","date_gmt":"2025-06-20T13:06:08","guid":{"rendered":"https:\/\/onordeste.com.br\/?p=135163"},"modified":"2025-06-20T10:06:08","modified_gmt":"2025-06-20T13:06:08","slug":"alteracoes-no-sistema-viario-para-adequacao-de-corredores-de-transporte","status":"publish","type":"post","link":"https:\/\/iparaiba.com.br\/index.php\/2025\/06\/20\/alteracoes-no-sistema-viario-para-adequacao-de-corredores-de-transporte\/","title":{"rendered":"Altera\u00e7\u00f5es no Sistema Vi\u00e1rio para adequa\u00e7\u00e3o de corredores de transporte"},"content":{"rendered":"<p align=\"justify\">A Comiss\u00e3o de Pol\u00edticas P\u00fablicas da C\u00e2mara Municipal de Jo\u00e3o Pessoa (CMJP) apreciou 15 assuntos legislativos, durante reuni\u00e3o. Na ocasi\u00e3o, o colegiado acatou o Projeto de Lei Ordin\u00e1ria (PLO) que altera o Sistema Vi\u00e1rio B\u00e1sico para adequar novos corredores de transporte da Capital.<\/p>\n<p align=\"justify\"><span lang=\"pt-BR\">Segundo a mat\u00e9ria, as altera\u00e7\u00f5es propostas pelo PLO<\/span>\u00a0<span lang=\"zxx\"><u><a href=\"https:\/\/sapl.joaopessoa.pb.leg.br\/media\/sapl\/public\/materialegislativa\/2024\/179111\/mensagem_106_-_plo_-_altera_lei_15.197_hierarquia_viaria.pdf\" target=\"_blank\" rel=\"noopener\"><span lang=\"pt-BR\">2248\/2024<\/span><\/a><\/u><\/span>\u00a0<span lang=\"pt-BR\">, de autoria do Executivo Municipal, no Sistema Vi\u00e1rio B\u00e1sico s\u00e3o f\u00e1ceis para adequar os corredores de transporte da Capital, que comp\u00f5em os projetos de Sistema de Corredores de BRS (Bus Rapid Service) e dos Terminais de Integra\u00e7\u00e3o associados, financiados pela Ag\u00eancia Francesa de Desenvolvimento (AFD).<\/span><\/p>\n<p align=\"justify\"><span lang=\"pt-BR\">A norma ainda classifica ciclofaixa, ciclovia, via arterial, via coletora, via expressa, via local, via parque e vias marginais, al\u00e9m de definir \u00e1reas de influ\u00eancia. Confira a proposta na \u00edntegra clicando<\/span>\u00a0<span lang=\"zxx\"><u><a href=\"https:\/\/sapl.joaopessoa.pb.leg.br\/media\/sapl\/public\/materialegislativa\/2024\/179111\/mensagem_106_-_plo_-_altera_lei_15.197_hierarquia_viaria.pdf\" target=\"_blank\" rel=\"noopener\"><span lang=\"pt-BR\">aqui<\/span><\/a><\/u><\/span>\u00a0<span lang=\"pt-BR\">.<\/span><\/p>\n<p align=\"justify\"><b>Comiss\u00e3o acata ouvidoria da Sa\u00fade<\/b><\/p>\n<p align=\"justify\"><span lang=\"pt-BR\">A comiss\u00e3o acatou ainda PLO<\/span>\u00a0<span lang=\"zxx\"><u><a href=\"https:\/\/sapl.joaopessoa.pb.leg.br\/media\/sapl\/public\/materialegislativa\/2025\/184949\/pl_-_ouvidoria_da_saude_na_palma_da_mao.pdf\" target=\"_blank\" rel=\"noopener\"><span lang=\"pt-BR\">236\/2025<\/span><\/a><\/u><\/span>\u00a0<span lang=\"pt-BR\">, de autoria de F\u00e1bio Lopes (PL), que disp\u00f5e sobre a cria\u00e7\u00e3o da Ouvidoria da Sa\u00fade do Munic\u00edpio, no dispon\u00edvel aplicativo \u201cNa Palma da M\u00e3o\u201d. O vereador Guguinha Moov Jampa (PSD) destacou a import\u00e2ncia da mat\u00e9ria. \u201cPrecisa de ouvidoria, sim, para que as pessoas possam relatar os problemas enfrentados na Sa\u00fade\u201d, enfatizou. \u201c\u00c9 importante ter essa discuss\u00e3o com as pessoas que sentem na pele o servi\u00e7o p\u00fablico\u201d, refor\u00e7a \u00cdcaro Chaves (Podemos).<\/span><\/p>\n<p align=\"justify\"><b>Mais projetos<\/b><\/p>\n<p align=\"justify\"><span lang=\"pt-BR\">Dentre os projetos que a comiss\u00e3o aprovou parecer favor\u00e1vel, destacam-se: o PLO<\/span>\u00a0<span lang=\"zxx\"><u><a href=\"https:\/\/sapl.joaopessoa.pb.leg.br\/media\/sapl\/public\/materialegislativa\/2025\/183559\/plo_institui_o_relatorio_de_qualidade_do_meio_ambiente_no_ambito_do_municipio_de_joao_pessoa_e_adota_outras_providencias.pdf\" target=\"_blank\" rel=\"noopener\"><span lang=\"pt-BR\">150\/2025<\/span><\/a><\/u><\/span>\u00a0<span lang=\"pt-BR\">, que institui o relat\u00f3rio de qualidade do Meio Ambiente, de autoria do vereador Guguinha Moov Jampa; o PLO<\/span>\u00a0<span lang=\"zxx\"><u><a href=\"https:\/\/sapl.joaopessoa.pb.leg.br\/media\/sapl\/public\/materialegislativa\/2025\/183855\/pl_coleta_cont._lixo_escolas.pdf\" target=\"_blank\" rel=\"noopener\"><span lang=\"pt-BR\">171\/2025<\/span><\/a><\/u><\/span>\u00a0<span lang=\"pt-BR\">, que disp\u00f5e sobre a coleta cont\u00ednua de lixo eletr\u00f4nico de pequena porta nas escolas p\u00fablicas e privadas do Munic\u00edpio, de autoria de Valdir Trindade (Republicanos); o PLO<\/span>\u00a0<span lang=\"zxx\"><u><a href=\"https:\/\/sapl.joaopessoa.pb.leg.br\/media\/sapl\/public\/materialegislativa\/2025\/183951\/abafadores_de_ruido.pdf\" target=\"_blank\" rel=\"noopener\"><span lang=\"pt-BR\">177\/2025<\/span><\/a><\/u><\/span>\u00a0<span lang=\"pt-BR\">, que determina a disponibiliza\u00e7\u00e3o de abafadores de ru\u00eddo para pacientes com hipersensibilidade sensorial internados em Unidades de Terapia Intensiva (UTI) no Munic\u00edpio, de autoria de Mikika Leit\u00e3o (Republicanos).<\/span><\/p>\n<p align=\"justify\"><span lang=\"pt-BR\">Ainda foram acatados: o PLO<\/span>\u00a0<span lang=\"zxx\"><u><a href=\"https:\/\/sapl.joaopessoa.pb.leg.br\/media\/sapl\/public\/materialegislativa\/2025\/183544\/acompanhante_mastectomia.pdf\" target=\"_blank\" rel=\"noopener\"><span lang=\"pt-BR\">148\/2025<\/span><\/a><\/u><\/span>\u00a0<span lang=\"pt-BR\">, que garante o direito a acompanhar os pacientes submetidos \u00e0 mastectomia, durante o per\u00edodo p\u00f3s-operat\u00f3rio, nos estabelecimentos de atendimento de sa\u00fade p\u00fablica ou privada do Munic\u00edpio, de autoria do vereador Marcos Vin\u00edcius (PDT); o PLO<\/span>\u00a0<span lang=\"zxx\"><u><a href=\"https:\/\/sapl.joaopessoa.pb.leg.br\/media\/sapl\/public\/materialegislativa\/2025\/182211\/incentivo_a_moradia_para_idosos.pdf\" target=\"_blank\" rel=\"noopener\"><span lang=\"pt-BR\">30\/2025<\/span><\/a><\/u><\/span>\u00a0<span lang=\"pt-BR\">, que disp\u00f5e sobre o incentivo \u00e0 constru\u00e7\u00e3o de moradias para idosos, de autoria do vereador licenciado Guga Pet (PP); e o PLO<\/span>\u00a0<span lang=\"zxx\"><u><a href=\"https:\/\/sapl.joaopessoa.pb.leg.br\/media\/sapl\/public\/materialegislativa\/2025\/183276\/semana_de_incentivo.pdf\" target=\"_blank\" rel=\"noopener\"><span lang=\"pt-BR\">125\/2025<\/span><\/a><\/u><\/span>\u00a0<span lang=\"pt-BR\">, que institui uma semana de incentivo \u00e0 participa\u00e7\u00e3o da mulher no processo eleitoral, de autoria do vereador Dam\u00e1sio Franca (PP).<\/span><\/p>\n<div>CMJP<\/div>\n","protected":false},"excerpt":{"rendered":"<p>A Comiss\u00e3o de Pol\u00edticas P\u00fablicas da C\u00e2mara Municipal de Jo\u00e3o Pessoa (CMJP) apreciou 15 assuntos legislativos, durante reuni\u00e3o. Na ocasi\u00e3o, o colegiado acatou o Projeto de Lei Ordin\u00e1ria (PLO) que altera o Sistema Vi\u00e1rio B\u00e1sico para adequar novos corredores de transporte da Capital. Segundo a mat\u00e9ria, as altera\u00e7\u00f5es propostas pelo PLO\u00a02248\/2024\u00a0, de autoria do Executivo &hellip;<\/p>\n","protected":false},"author":1,"featured_media":108092,"comment_status":"open","ping_status":"open","sticky":false,"template":"","format":"standard","meta":{"footnotes":""},"categories":[3],"tags":[],"class_list":["post-135163","post","type-post","status-publish","format-standard","has-post-thumbnail","hentry","category-nordeste"],"_links":{"self":[{"href":"https:\/\/iparaiba.com.br\/index.php\/wp-json\/wp\/v2\/posts\/135163","targetHints":{"allow":["GET"]}}],"collection":[{"href":"https:\/\/iparaiba.com.br\/index.php\/wp-json\/wp\/v2\/posts"}],"about":[{"href":"https:\/\/iparaiba.com.br\/index.php\/wp-json\/wp\/v2\/types\/post"}],"author":[{"embeddable":true,"href":"https:\/\/iparaiba.com.br\/index.php\/wp-json\/wp\/v2\/users\/1"}],"replies":[{"embeddable":true,"href":"https:\/\/iparaiba.com.br\/index.php\/wp-json\/wp\/v2\/comments?post=135163"}],"version-history":[{"count":1,"href":"https:\/\/iparaiba.com.br\/index.php\/wp-json\/wp\/v2\/posts\/135163\/revisions"}],"predecessor-version":[{"id":135206,"href":"https:\/\/iparaiba.com.br\/index.php\/wp-json\/wp\/v2\/posts\/135163\/revisions\/135206"}],"wp:featuredmedia":[{"embeddable":true,"href":"https:\/\/iparaiba.com.br\/index.php\/wp-json\/wp\/v2\/media\/108092"}],"wp:attachment":[{"href":"https:\/\/iparaiba.com.br\/index.php\/wp-json\/wp\/v2\/media?parent=135163"}],"wp:term":[{"taxonomy":"category","embeddable":true,"href":"https:\/\/iparaiba.com.br\/index.php\/wp-json\/wp\/v2\/categories?post=135163"},{"taxonomy":"post_tag","embeddable":true,"href":"https:\/\/iparaiba.com.br\/index.php\/wp-json\/wp\/v2\/tags?post=135163"}],"curies":[{"name":"wp","href":"https:\/\/api.w.org\/{rel}","templated":true}]}}