{"id":135161,"date":"2025-06-20T08:03:49","date_gmt":"2025-06-20T11:03:49","guid":{"rendered":"https:\/\/onordeste.com.br\/?p=135161"},"modified":"2025-06-20T08:03:49","modified_gmt":"2025-06-20T11:03:49","slug":"comissao-e-favoravel-a-instalacao-de-pisos-tateis-em-shoppings-e-atacadistas","status":"publish","type":"post","link":"https:\/\/iparaiba.com.br\/index.php\/2025\/06\/20\/comissao-e-favoravel-a-instalacao-de-pisos-tateis-em-shoppings-e-atacadistas\/","title":{"rendered":"Comiss\u00e3o \u00e9 favor\u00e1vel \u00e0 instala\u00e7\u00e3o de pisos t\u00e1teis em shoppings e atacadistas"},"content":{"rendered":"<p align=\"justify\">A Comiss\u00e3o de Cidadania, Direitos Humanos e Defesa do Consumidor (CCDHDC), da C\u00e2mara Municipal de Jo\u00e3o Pessoa (CMJP), foi favor\u00e1vel ao Projeto de Lei Ordin\u00e1ria (PLO) que obriga a instala\u00e7\u00e3o de pisos t\u00e1teis nos acessos internos e externos das depend\u00eancias de shoppings e grandes atacadistas. Na reuni\u00e3o o colegiado acatou seis projetos.<\/p>\n<p align=\"justify\">O PLO\u00a0<u><a href=\"https:\/\/sapl.joaopessoa.pb.leg.br\/materia\/pesquisar-materia?tipo=1&amp;ementa=&amp;numero=1593&amp;numeracao__numero_materia=&amp;numero_protocolo=&amp;ano=2023&amp;autoria__autor=&amp;autoria__primeiro_autor=unknown&amp;autoria__autor__tipo=&amp;autoria__autor__parlamentar_set__filiacao__partido=&amp;o=&amp;ti\" target=\"_blank\" rel=\"noopener\" data-saferedirecturl=\"https:\/\/www.google.com\/url?q=https:\/\/sapl.joaopessoa.pb.leg.br\/materia\/pesquisar-materia?tipo%3D1%26ementa%3D%26numero%3D1593%26numeracao__numero_materia%3D%26numero_protocolo%3D%26ano%3D2023%26autoria__autor%3D%26autoria__primeiro_autor%3Dunknown%26autoria__autor__tipo%3D%26autoria__autor__parlamentar_set__filiacao__partido%3D%26o%3D%26ti&amp;source=gmail&amp;ust=1750336519348000&amp;usg=AOvVaw22Lfimr6aSOwWgSffF_Gz0\">1593\/2023<\/a><\/u>, de Marc\u00edlio do HBE, estabelece a obrigatoriedade da instala\u00e7\u00e3o de pisos t\u00e1teis nos acessos internos e externos das depend\u00eancias de shoppings e grandes atacadistas localizados no em Jo\u00e3o Pessoa. De acordo com a proposta, entende-se por pisos t\u00e1teis as superf\u00edcies com textura e padr\u00f5es espec\u00edficos que permitem \u00e0s pessoas com defici\u00eancia visual perceberem e interpretarem informa\u00e7\u00f5es, dire\u00e7\u00f5es e obst\u00e1culos por meio do tato, facilitando a locomo\u00e7\u00e3o e orienta\u00e7\u00e3o.<\/p>\n<p align=\"justify\">O projeto estabelece o prazo de 180 dias para que todas as empresas realizem a adequa\u00e7\u00e3o de suas depend\u00eancias para a instala\u00e7\u00e3o de piso t\u00e1til, a fim de garantir acessibilidade e inclus\u00e3o de pessoas com defici\u00eancia visual. Os pisos t\u00e1teis devem atender \u00e0s normas e padr\u00f5es t\u00e9cnicos de acessibilidade estabelecidos pelas leis nacionais vigentes, assegurando a seguran\u00e7a e efic\u00e1cia na orienta\u00e7\u00e3o das pessoas com defici\u00eancia visual. A fiscaliza\u00e7\u00e3o do cumprimento da lei ficar\u00e1 sob a responsabilidade do Procon JP, que dever\u00e1 realizar vistorias regulares nos estabelecimentos especificados. Os shoppings e grandes atacadistas que n\u00e3o cumprirem com as disposi\u00e7\u00f5es desta norma estar\u00e3o sujeitos a san\u00e7\u00f5es que podem incluir advert\u00eancias, multas proporcionais ao porte do estabelecimento e at\u00e9 mesmo a suspens\u00e3o tempor\u00e1ria de suas atividades, em caso de reincid\u00eancia.<\/p>\n<p align=\"justify\">Outra mat\u00e9ria que versa sobre acessibilidade, que teve o parecer favor\u00e1vel aprovado, foi o PLO\u00a0<u><a href=\"https:\/\/sapl.joaopessoa.pb.leg.br\/materia\/pesquisar-materia?tipo=1&amp;ementa=&amp;numero=97&amp;numeracao__numero_materia=&amp;numero_protocolo=&amp;ano=2025&amp;autoria__autor=&amp;autoria__primeiro_autor=unknown&amp;autoria__autor__tipo=&amp;autoria__autor__parlamentar_set__filiacao__partido=&amp;o=&amp;tipo_listagem=1&amp;tipo_origem_externa=&amp;numero_origem_externa=&amp;ano_origem_externa=&amp;data_origem_externa_0=&amp;data_origem_externa_1=&amp;local_origem_externa=&amp;data_apresentacao_0=&amp;data_apresentacao_1=&amp;data_publicacao_0=&amp;data_publicacao_1=&amp;relatoria__parlamentar_id=&amp;em_tramitacao=&amp;tramitacao__unidade_tramitacao_destino=&amp;tramitacao__status=&amp;materiaassunto__assunto=&amp;indexacao=&amp;regime_tramitacao=&amp;salvar=Pesquisar\" target=\"_blank\" rel=\"noopener\" data-saferedirecturl=\"https:\/\/www.google.com\/url?q=https:\/\/sapl.joaopessoa.pb.leg.br\/materia\/pesquisar-materia?tipo%3D1%26ementa%3D%26numero%3D97%26numeracao__numero_materia%3D%26numero_protocolo%3D%26ano%3D2025%26autoria__autor%3D%26autoria__primeiro_autor%3Dunknown%26autoria__autor__tipo%3D%26autoria__autor__parlamentar_set__filiacao__partido%3D%26o%3D%26tipo_listagem%3D1%26tipo_origem_externa%3D%26numero_origem_externa%3D%26ano_origem_externa%3D%26data_origem_externa_0%3D%26data_origem_externa_1%3D%26local_origem_externa%3D%26data_apresentacao_0%3D%26data_apresentacao_1%3D%26data_publicacao_0%3D%26data_publicacao_1%3D%26relatoria__parlamentar_id%3D%26em_tramitacao%3D%26tramitacao__unidade_tramitacao_destino%3D%26tramitacao__status%3D%26materiaassunto__assunto%3D%26indexacao%3D%26regime_tramitacao%3D%26salvar%3DPesquisar&amp;source=gmail&amp;ust=1750336519348000&amp;usg=AOvVaw0tz3W1dCtiry-JfF1SZLhV\">97\/2025<\/a><\/u>, de \u00cdcaro Chaves (Podemos), que altera o Estatuto Municipal da Pessoa Defici\u00eancia (Lei 10.983\/2007) para acrescentar a obrigatoriedade de os estabelecimentos p\u00fablicos e privados de grande circula\u00e7\u00e3o disponibilizarem trocadores, em tamanho adequado tamb\u00e9m para um adulto, em local acess\u00edvel e reservado para a troca de fraldas de pessoa com defici\u00eancia e pessoa idosa.<\/p>\n<p align=\"justify\">Entre os projetos com parecer favor\u00e1vel, tamb\u00e9m foi destaque o PLO\u00a0<u><a href=\"https:\/\/sapl.joaopessoa.pb.leg.br\/materia\/pesquisar-materia?tipo=1&amp;ementa=&amp;numero=104&amp;numeracao__numero_materia=&amp;numero_protocolo=&amp;ano=2025&amp;autoria__autor=&amp;autoria__primeiro_autor=unknown&amp;autoria__au\" target=\"_blank\" rel=\"noopener\" data-saferedirecturl=\"https:\/\/www.google.com\/url?q=https:\/\/sapl.joaopessoa.pb.leg.br\/materia\/pesquisar-materia?tipo%3D1%26ementa%3D%26numero%3D104%26numeracao__numero_materia%3D%26numero_protocolo%3D%26ano%3D2025%26autoria__autor%3D%26autoria__primeiro_autor%3Dunknown%26autoria__au&amp;source=gmail&amp;ust=1750336519348000&amp;usg=AOvVaw0PzV1lANeFm--lQtSw62jh\">104\/2025<\/a><\/u>, de Jailma Carvalho (PSB), instituindo o Programa de Enfrentamento \u00e0 Viol\u00eancia Institucional contra as Mulheres, no \u00e2mbito da Prefeitura Municipal de Jo\u00e3o Pessoa, com o objetivo de prevenir, combater e erradicar pr\u00e1ticas de ass\u00e9dio moral, sexual e outras formas de viol\u00eancia institucional contra mulheres no servi\u00e7o p\u00fablico municipal. A mat\u00e9ria considera como viol\u00eancia institucional contra as mulheres qualquer a\u00e7\u00e3o ou omiss\u00e3o de agentes p\u00fablicos que cause dano f\u00edsico, psicol\u00f3gico, moral ou social a servidoras, estagi\u00e1rias, terceirizadas ou usu\u00e1rias dos servi\u00e7os p\u00fablicos municipais.<\/p>\n<p align=\"justify\">De acordo com a proposta, s\u00e3o diretrizes do programa: promo\u00e7\u00e3o de campanhas educativas e a\u00e7\u00f5es de conscientiza\u00e7\u00e3o sobre a viol\u00eancia institucional contra as mulheres; cria\u00e7\u00e3o de um canal seguro e sigiloso para den\u00fancias de viol\u00eancia institucional, garantindo a prote\u00e7\u00e3o da v\u00edtima e o acompanhamento adequado; capacita\u00e7\u00e3o permanente de agentes p\u00fablicos municipais para a preven\u00e7\u00e3o e o enfrentamento da viol\u00eancia institucional contra as mulheres; elabora\u00e7\u00e3o de protocolos e fluxos para atendimento e acolhimento das v\u00edtimas, garantindo atendimento humanizado e eficaz; cria\u00e7\u00e3o de uma comiss\u00e3o multidisciplinar para an\u00e1lise e acompanhamento das den\u00fancias recebidas; est\u00edmulo \u00e0 participa\u00e7\u00e3o das mulheres na formula\u00e7\u00e3o de pol\u00edticas p\u00fablicas voltadas ao combate \u00e0 viol\u00eancia institucional.<\/p>\n<p align=\"justify\">Ainda receberam parecer favor\u00e1vel os seguintes PLOs: o\u00a0<u><a href=\"https:\/\/sapl.joaopessoa.pb.leg.br\/materia\/pesquisar-materia?tipo=1&amp;ementa=&amp;numero=2395&amp;numeracao__numero_materia=&amp;numero_protocolo=&amp;ano=2024&amp;autoria__autor=&amp;autoria__primei\" target=\"_blank\" rel=\"noopener\" data-saferedirecturl=\"https:\/\/www.google.com\/url?q=https:\/\/sapl.joaopessoa.pb.leg.br\/materia\/pesquisar-materia?tipo%3D1%26ementa%3D%26numero%3D2395%26numeracao__numero_materia%3D%26numero_protocolo%3D%26ano%3D2024%26autoria__autor%3D%26autoria__primei&amp;source=gmail&amp;ust=1750336519348000&amp;usg=AOvVaw11RpoefBcdb_5GfClKSc-G\">2395\/2024<\/a><\/u>, de Dam\u00e1sio Franca (PP), obrigando as empresas, \u00f3rg\u00e3os e entidades p\u00fablicas e privadas que promovam espet\u00e1culos art\u00edsticos culturais, que tenham recebido recursos financeiros do munic\u00edpio de Jo\u00e3o Pessoa, a exibir propaganda educativa sobre o Transtorno do Espectro Autista (TEA) durante o evento; o\u00a0<u><a href=\"https:\/\/sapl.joaopessoa.pb.leg.br\/materia\/pesquisar-materia?tipo=1&amp;ementa=&amp;numero=136&amp;numeracao__numero_materia=&amp;numero_protocolo=&amp;ano=2025&amp;autoria__autor=&amp;autoria__primeiro_autor=unknown&amp;autoria__autor__tipo=&amp;autoria__autor__parlamentar_set__filiacao__partido=&amp;o=&amp;tipo_listagem=1&amp;tipo_origem_externa=&amp;numero_origem_externa=&amp;ano_origem_externa=&amp;data_origem_externa_0=&amp;da\" target=\"_blank\" rel=\"noopener\" data-saferedirecturl=\"https:\/\/www.google.com\/url?q=https:\/\/sapl.joaopessoa.pb.leg.br\/materia\/pesquisar-materia?tipo%3D1%26ementa%3D%26numero%3D136%26numeracao__numero_materia%3D%26numero_protocolo%3D%26ano%3D2025%26autoria__autor%3D%26autoria__primeiro_autor%3Dunknown%26autoria__autor__tipo%3D%26autoria__autor__parlamentar_set__filiacao__partido%3D%26o%3D%26tipo_listagem%3D1%26tipo_origem_externa%3D%26numero_origem_externa%3D%26ano_origem_externa%3D%26data_origem_externa_0%3D%26da&amp;source=gmail&amp;ust=1750336519348000&amp;usg=AOvVaw1J8mNbtQ2QiyPckoG9kSPR\">136\/2025<\/a><\/u>, de Marcos Vin\u00edcius (PDT), determinado que as cl\u00ednicas, consult\u00f3rios m\u00e9dicos e demais estabelecimentos que realizam procedimentos est\u00e9ticos invasivos em Jo\u00e3o Pessoa ficam obrigados a afixar cartazes contendo informa\u00e7\u00f5es relevantes sobre os procedimentos realizados e orienta\u00e7\u00f5es sobre os riscos envolvidos na execu\u00e7\u00e3o dessas interven\u00e7\u00f5es, afixados em local vis\u00edvel e de f\u00e1cil acesso; o\u00a0<u><a href=\"https:\/\/sapl.joaopessoa.pb.leg.br\/materia\/pesquisar-materia?tipo=1&amp;ementa=&amp;numero=117&amp;numeracao__numero_materia=&amp;numero_protocolo=&amp;ano=2025&amp;autoria__autor=&amp;autoria__primeir\" target=\"_blank\" rel=\"noopener\" data-saferedirecturl=\"https:\/\/www.google.com\/url?q=https:\/\/sapl.joaopessoa.pb.leg.br\/materia\/pesquisar-materia?tipo%3D1%26ementa%3D%26numero%3D117%26numeracao__numero_materia%3D%26numero_protocolo%3D%26ano%3D2025%26autoria__autor%3D%26autoria__primeir&amp;source=gmail&amp;ust=1750336519348000&amp;usg=AOvVaw2XIYGUygKb38xjyCSOyvX3\">117\/2025,<\/a><\/u>\u00a0de Marcos Henriques (PT), obrigando os estabelecimentos banc\u00e1rios a disponibilizarem em suas ag\u00eancias caixas eletr\u00f4nicos adaptados e adequados ao atendimento das pessoas idosas; e o\u00a0<u><a href=\"https:\/\/sapl.joaopessoa.pb.leg.br\/materia\/pesquisar-materia?tipo=1&amp;ementa=&amp;numero=108&amp;numeracao__numero_materia=&amp;numero_protocolo=&amp;ano=2025&amp;autoria__autor=&amp;autoria__primeir\" target=\"_blank\" rel=\"noopener\" data-saferedirecturl=\"https:\/\/www.google.com\/url?q=https:\/\/sapl.joaopessoa.pb.leg.br\/materia\/pesquisar-materia?tipo%3D1%26ementa%3D%26numero%3D108%26numeracao__numero_materia%3D%26numero_protocolo%3D%26ano%3D2025%26autoria__autor%3D%26autoria__primeir&amp;source=gmail&amp;ust=1750336519348000&amp;usg=AOvVaw2m2QI58RzEK8UsiHspVLSH\">108\/2025<\/a><\/u>, de F\u00e1bio Lopes (PL), determinando que todas as empresas privadas situadas em Jo\u00e3o Pessoa que disponibilizam vagas de estacionamento com pontos de abastecimento para ve\u00edculos el\u00e9tricos, garantam que tais vagas sejam de uso exclusivo para ve\u00edculos el\u00e9tricos.<\/p>\n<p align=\"justify\">CMJP<\/p>\n","protected":false},"excerpt":{"rendered":"<p>A Comiss\u00e3o de Cidadania, Direitos Humanos e Defesa do Consumidor (CCDHDC), da C\u00e2mara Municipal de Jo\u00e3o Pessoa (CMJP), foi favor\u00e1vel ao Projeto de Lei Ordin\u00e1ria (PLO) que obriga a instala\u00e7\u00e3o de pisos t\u00e1teis nos acessos internos e externos das depend\u00eancias de shoppings e grandes atacadistas. Na reuni\u00e3o o colegiado acatou seis projetos. O PLO\u00a01593\/2023, de &hellip;<\/p>\n","protected":false},"author":1,"featured_media":103280,"comment_status":"open","ping_status":"open","sticky":false,"template":"","format":"standard","meta":{"footnotes":""},"categories":[15],"tags":[],"class_list":["post-135161","post","type-post","status-publish","format-standard","has-post-thumbnail","hentry","category-links"],"_links":{"self":[{"href":"https:\/\/iparaiba.com.br\/index.php\/wp-json\/wp\/v2\/posts\/135161","targetHints":{"allow":["GET"]}}],"collection":[{"href":"https:\/\/iparaiba.com.br\/index.php\/wp-json\/wp\/v2\/posts"}],"about":[{"href":"https:\/\/iparaiba.com.br\/index.php\/wp-json\/wp\/v2\/types\/post"}],"author":[{"embeddable":true,"href":"https:\/\/iparaiba.com.br\/index.php\/wp-json\/wp\/v2\/users\/1"}],"replies":[{"embeddable":true,"href":"https:\/\/iparaiba.com.br\/index.php\/wp-json\/wp\/v2\/comments?post=135161"}],"version-history":[{"count":1,"href":"https:\/\/iparaiba.com.br\/index.php\/wp-json\/wp\/v2\/posts\/135161\/revisions"}],"predecessor-version":[{"id":135205,"href":"https:\/\/iparaiba.com.br\/index.php\/wp-json\/wp\/v2\/posts\/135161\/revisions\/135205"}],"wp:featuredmedia":[{"embeddable":true,"href":"https:\/\/iparaiba.com.br\/index.php\/wp-json\/wp\/v2\/media\/103280"}],"wp:attachment":[{"href":"https:\/\/iparaiba.com.br\/index.php\/wp-json\/wp\/v2\/media?parent=135161"}],"wp:term":[{"taxonomy":"category","embeddable":true,"href":"https:\/\/iparaiba.com.br\/index.php\/wp-json\/wp\/v2\/categories?post=135161"},{"taxonomy":"post_tag","embeddable":true,"href":"https:\/\/iparaiba.com.br\/index.php\/wp-json\/wp\/v2\/tags?post=135161"}],"curies":[{"name":"wp","href":"https:\/\/api.w.org\/{rel}","templated":true}]}}