{"id":135155,"date":"2025-06-19T16:00:22","date_gmt":"2025-06-19T19:00:22","guid":{"rendered":"https:\/\/onordeste.com.br\/?p=135155"},"modified":"2025-06-19T16:00:22","modified_gmt":"2025-06-19T19:00:22","slug":"tribunal-lanca-premio-para-iniciativas-voltadas-a-participacao-cidada","status":"publish","type":"post","link":"https:\/\/iparaiba.com.br\/index.php\/2025\/06\/19\/tribunal-lanca-premio-para-iniciativas-voltadas-a-participacao-cidada\/","title":{"rendered":"Tribunal lan\u00e7a pr\u00eamio para iniciativas voltadas \u00e0 participa\u00e7\u00e3o cidad\u00e3"},"content":{"rendered":"<p>O Tribunal de Contas da Uni\u00e3o (TCU), por meio do Instituto Serzedello Corr\u00eaa (ISC), lan\u00e7a o\u00a0<strong>Pr\u00eamio Serzedello Corr\u00eaa<\/strong>, um reconhecimento in\u00e9dito para projeto ou pr\u00e1tica que promova a participa\u00e7\u00e3o cidad\u00e3 na avalia\u00e7\u00e3o e acompanhamento dos servi\u00e7os prestados ao p\u00fablico.<\/p>\n<p>O objetivo \u00e9 fortalecer o envolvimento ativo da sociedade nos processos de decis\u00e3o, fiscaliza\u00e7\u00e3o, transpar\u00eancia e melhoria dos servi\u00e7os p\u00fablicos. A iniciativa pretende\u00a0<strong>estimular a cultura<\/strong>\u00a0d<strong>e responsabilidade compartilhada entre governo e sociedade<\/strong>\u00a0na constru\u00e7\u00e3o de uma gest\u00e3o p\u00fablica mais democr\u00e1tica, inclusiva e eficaz.<\/p>\n<p>Os participantes podem inscrever seus trabalhos em\u00a0<strong>duas categorias<\/strong>:<\/p>\n<p><strong>Relato de caso inspirador<\/strong>: iniciativa que apresente resultado concreto ou que esteja em fase de implementa\u00e7\u00e3o, desde que evidencie potencial impacto positivo na gest\u00e3o p\u00fablica e nos servi\u00e7os oferecidos \u00e0 sociedade. Ser\u00e1 aceita a\u00e7\u00e3o que promova melhoria na qualidade dos servi\u00e7os p\u00fablicos, incentive a transpar\u00eancia e amplie o engajamento da sociedade, fortalecendo a rela\u00e7\u00e3o entre o cidad\u00e3o e os servi\u00e7os oferecidos.<\/p>\n<p><strong>Produ\u00e7\u00e3o t\u00e9cnico-cient\u00edfica<\/strong>: produ\u00e7\u00e3o t\u00e9cnico-cient\u00edfica que explore tema alinhado ao prop\u00f3sito do pr\u00eamio. Ser\u00e1 avaliado trabalho, em formato de artigo, que apresente fundamenta\u00e7\u00e3o te\u00f3rica s\u00f3lida e\/ou dado relevante, capaz de subsidiar an\u00e1lise ou a\u00e7\u00e3o com potencial de gerar impacto positivo na sociedade e com \u00eanfase na amplia\u00e7\u00e3o da participa\u00e7\u00e3o cidad\u00e3, bem como na promo\u00e7\u00e3o de servi\u00e7os p\u00fablicos mais eficientes e inclusivos.<\/p>\n<p>Os melhores trabalhos de cada categoria ser\u00e3o premiados com valores em dinheiro:<\/p>\n<p>\u00b7\u00a0\u00a0 \u00a01\u00ba lugar: R$ 25.000,00<\/p>\n<p>\u00b7\u00a0\u00a0 \u00a02\u00ba lugar: R$ 12.500,00<\/p>\n<p>\u00b7\u00a0\u00a0 \u00a03\u00ba lugar: R$ 7.500,00<\/p>\n<p>Al\u00e9m disso, os tr\u00eas primeiros colocados e eventuais men\u00e7\u00f5es honrosas receber\u00e3o certificados de participa\u00e7\u00e3o.<\/p>\n<p>A premia\u00e7\u00e3o abrange todo o territ\u00f3rio nacional e est\u00e1 aberta \u00e0 participa\u00e7\u00e3o de qualquer cidad\u00e3o brasileiro, incluindo servidores do TCU. As inscri\u00e7\u00f5es est\u00e3o abertas at\u00e9 o dia 22 de setembro de 2025 e devem ser realizadas exclusivamente por meio do formul\u00e1rio eletr\u00f4nico dispon\u00edvel no site oficial do pr\u00eamio.<\/p>\n<p>Para participar \u00e9 preciso enviar a documenta\u00e7\u00e3o exigida (consultar o edital) e o respectivo trabalho, que pode ser apresentado em diferentes formatos, como texto, v\u00eddeo, prot\u00f3tipo digital ou campanha de conscientiza\u00e7\u00e3o, a depender da categoria.<\/p>\n<p>O cronograma do pr\u00eamio inclui as seguintes etapas:<\/p>\n<p align=\"center\"><img loading=\"lazy\" decoding=\"async\" src=\"https:\/\/portal.tcu.gov.br\/data\/files\/37\/B7\/A7\/FA\/3C06791033125279F18818A8\/tabela.jpg\" alt=\"tabela.jpg\" width=\"634\" height=\"332\" \/><\/p>\n<p>Os trabalhos vencedores ser\u00e3o divulgados no Di\u00e1rio Oficial da Uni\u00e3o e na p\u00e1gina oficial do pr\u00eamio.<\/p>\n<p>O pr\u00eamio \u00e9 uma oportunidade para cidad\u00e3os e servidores do TCU apresentarem ideias e iniciativas que promovam a participa\u00e7\u00e3o cidad\u00e3 e a melhoria dos servi\u00e7os p\u00fablicos. Para mais informa\u00e7\u00f5es, acesse o site oficial do pr\u00eamio ou entre em contato pelo e-mail:\u00a0<a href=\"mailto:isc_secretaria@tcu.gov.br\">isc_secretaria@tcu.gov.br<\/a>.<\/p>\n<p>Todas as informa\u00e7\u00f5es, o edital completo e o formul\u00e1rio de inscri\u00e7\u00e3o est\u00e3o dispon\u00edveis neste link:\u00a0<a href=\"https:\/\/sites.tcu.gov.br\/premio-serzedello-correa\/\">Pr\u00eamio Serzedello Corr\u00eaa<\/a>.<\/p>\n","protected":false},"excerpt":{"rendered":"<p>O Tribunal de Contas da Uni\u00e3o (TCU), por meio do Instituto Serzedello Corr\u00eaa (ISC), lan\u00e7a o\u00a0Pr\u00eamio Serzedello Corr\u00eaa, um reconhecimento in\u00e9dito para projeto ou pr\u00e1tica que promova a participa\u00e7\u00e3o cidad\u00e3 na avalia\u00e7\u00e3o e acompanhamento dos servi\u00e7os prestados ao p\u00fablico. O objetivo \u00e9 fortalecer o envolvimento ativo da sociedade nos processos de decis\u00e3o, fiscaliza\u00e7\u00e3o, transpar\u00eancia e &hellip;<\/p>\n","protected":false},"author":1,"featured_media":98324,"comment_status":"open","ping_status":"open","sticky":false,"template":"","format":"standard","meta":{"footnotes":""},"categories":[18],"tags":[],"class_list":["post-135155","post","type-post","status-publish","format-standard","has-post-thumbnail","hentry","category-brasil"],"_links":{"self":[{"href":"https:\/\/iparaiba.com.br\/index.php\/wp-json\/wp\/v2\/posts\/135155","targetHints":{"allow":["GET"]}}],"collection":[{"href":"https:\/\/iparaiba.com.br\/index.php\/wp-json\/wp\/v2\/posts"}],"about":[{"href":"https:\/\/iparaiba.com.br\/index.php\/wp-json\/wp\/v2\/types\/post"}],"author":[{"embeddable":true,"href":"https:\/\/iparaiba.com.br\/index.php\/wp-json\/wp\/v2\/users\/1"}],"replies":[{"embeddable":true,"href":"https:\/\/iparaiba.com.br\/index.php\/wp-json\/wp\/v2\/comments?post=135155"}],"version-history":[{"count":1,"href":"https:\/\/iparaiba.com.br\/index.php\/wp-json\/wp\/v2\/posts\/135155\/revisions"}],"predecessor-version":[{"id":135202,"href":"https:\/\/iparaiba.com.br\/index.php\/wp-json\/wp\/v2\/posts\/135155\/revisions\/135202"}],"wp:featuredmedia":[{"embeddable":true,"href":"https:\/\/iparaiba.com.br\/index.php\/wp-json\/wp\/v2\/media\/98324"}],"wp:attachment":[{"href":"https:\/\/iparaiba.com.br\/index.php\/wp-json\/wp\/v2\/media?parent=135155"}],"wp:term":[{"taxonomy":"category","embeddable":true,"href":"https:\/\/iparaiba.com.br\/index.php\/wp-json\/wp\/v2\/categories?post=135155"},{"taxonomy":"post_tag","embeddable":true,"href":"https:\/\/iparaiba.com.br\/index.php\/wp-json\/wp\/v2\/tags?post=135155"}],"curies":[{"name":"wp","href":"https:\/\/api.w.org\/{rel}","templated":true}]}}