{"id":135149,"date":"2025-06-19T08:00:19","date_gmt":"2025-06-19T11:00:19","guid":{"rendered":"https:\/\/onordeste.com.br\/?p=135147"},"modified":"2025-06-19T08:00:19","modified_gmt":"2025-06-19T11:00:19","slug":"mais-de-12-milhao-de-pessoas-ja-passaram-pelo-parque-do-povo","status":"publish","type":"post","link":"https:\/\/iparaiba.com.br\/index.php\/2025\/06\/19\/mais-de-12-milhao-de-pessoas-ja-passaram-pelo-parque-do-povo\/","title":{"rendered":"Mais de 1,2 milh\u00e3o de pessoas j\u00e1 passaram pelo Parque do Povo"},"content":{"rendered":"<p>O Maior S\u00e3o Jo\u00e3o do Mundo segue acumulando n\u00fameros significativos na edi\u00e7\u00e3o 2025. Em 17 dias de programa\u00e7\u00e3o, mais de 1,2 milh\u00e3o de pessoas j\u00e1 passaram pelo Parque do Povo.<\/p>\n<p>Os dados foram divulgados pela empresa Arte Produ\u00e7\u00f5es, realizadora da festa, e dizem respeito ao per\u00edodo de 30 de maio (abertura oficial) a 15 de junho (\u00faltimo domingo).<\/p>\n<p>A tend\u00eancia do n\u00famero \u00e9 crescer ainda mais, visto que estamos nos aproximando do chamado \u00e1pice da festa. Sendo mais detalhista, nesta semana tem in\u00edcio uma verdadeira maratona de grandes shows, come\u00e7ando j\u00e1 nesta quarta-feira (18), v\u00e9spera de feriado de Corpus Christi, e seguindo at\u00e9 a pr\u00f3xima ter\u00e7a-feira, 24 de junho, Dia de S\u00e3o Jo\u00e3o.<\/p>\n<p>Para que o leitor tenha ideia dos motivos reais da expectativa de casa cheia para os pr\u00f3ximos dias, basta dizer que nomes como Henrique e Juliano, Fagner, Alceu Valen\u00e7a, Eduardo Costa, Geraldo Azev\u00eado e, na noite do dia 23 de junho, v\u00e9spera de S\u00e3o Jo\u00e3o, a rainha Elba Ramalho, v\u00e3o passar pelo palco principal do Parque do Povo.<\/p>\n<p>De acordo com a secret\u00e1ria de Desenvolvimento Econ\u00f4mico de Campina Grande, T\u00e2mela Fama, podemos superar os 2 milh\u00f5es de forrozeiros passando pelo \u2018PP\u2019 j\u00e1 nestes dias &#8211; antes mesmo da \u00faltima quinzena da festa deste ano.<\/p>\n<p>\u201cA expectativa est\u00e1 baseada na boa ades\u00e3o do p\u00fablico campinense e turista a edi\u00e7\u00e3o deste ano d\u2019O Maior S\u00e3o Jo\u00e3o do Mundo. Esse, digamos, \u2018feriad\u00e3o\u2019 vai fazer com que a cidade fique ainda mais cheia do que tradicionalmente j\u00e1 \u00e9 registrado nessas datas. Ent\u00e3o, como o S\u00e3o Jo\u00e3o tem sido de recordes a cada dia, a cada show, a combina\u00e7\u00e3o dos dias de folga com excelente programa\u00e7\u00e3o no palco principal deve proporcionar os n\u00fameros que estamos esperando\u201d, previu a secret\u00e1ria.<\/p>\n<p>Em 2024, O Maior S\u00e3o Jo\u00e3o do Mundo teve um p\u00fablico total superior aos 2,9 milh\u00f5es. A expectativa inicial deste ano \u00e9 que superemos a casa dos 3 milh\u00f5es.<\/p>\n<p>PMCG<\/p>\n","protected":false},"excerpt":{"rendered":"<p>O Maior S\u00e3o Jo\u00e3o do Mundo segue acumulando n\u00fameros significativos na edi\u00e7\u00e3o 2025. Em 17 dias de programa\u00e7\u00e3o, mais de 1,2 milh\u00e3o de pessoas j\u00e1 passaram pelo Parque do Povo. Os dados foram divulgados pela empresa Arte Produ\u00e7\u00f5es, realizadora da festa, e dizem respeito ao per\u00edodo de 30 de maio (abertura oficial) a 15 de &hellip;<\/p>\n","protected":false},"author":1,"featured_media":98100,"comment_status":"open","ping_status":"open","sticky":false,"template":"","format":"standard","meta":{"footnotes":""},"categories":[4],"tags":[],"class_list":["post-135149","post","type-post","status-publish","format-standard","has-post-thumbnail","hentry","category-cultura"],"_links":{"self":[{"href":"https:\/\/iparaiba.com.br\/index.php\/wp-json\/wp\/v2\/posts\/135149","targetHints":{"allow":["GET"]}}],"collection":[{"href":"https:\/\/iparaiba.com.br\/index.php\/wp-json\/wp\/v2\/posts"}],"about":[{"href":"https:\/\/iparaiba.com.br\/index.php\/wp-json\/wp\/v2\/types\/post"}],"author":[{"embeddable":true,"href":"https:\/\/iparaiba.com.br\/index.php\/wp-json\/wp\/v2\/users\/1"}],"replies":[{"embeddable":true,"href":"https:\/\/iparaiba.com.br\/index.php\/wp-json\/wp\/v2\/comments?post=135149"}],"version-history":[{"count":1,"href":"https:\/\/iparaiba.com.br\/index.php\/wp-json\/wp\/v2\/posts\/135149\/revisions"}],"predecessor-version":[{"id":135198,"href":"https:\/\/iparaiba.com.br\/index.php\/wp-json\/wp\/v2\/posts\/135149\/revisions\/135198"}],"wp:featuredmedia":[{"embeddable":true,"href":"https:\/\/iparaiba.com.br\/index.php\/wp-json\/wp\/v2\/media\/98100"}],"wp:attachment":[{"href":"https:\/\/iparaiba.com.br\/index.php\/wp-json\/wp\/v2\/media?parent=135149"}],"wp:term":[{"taxonomy":"category","embeddable":true,"href":"https:\/\/iparaiba.com.br\/index.php\/wp-json\/wp\/v2\/categories?post=135149"},{"taxonomy":"post_tag","embeddable":true,"href":"https:\/\/iparaiba.com.br\/index.php\/wp-json\/wp\/v2\/tags?post=135149"}],"curies":[{"name":"wp","href":"https:\/\/api.w.org\/{rel}","templated":true}]}}