{"id":135148,"date":"2025-06-19T06:00:10","date_gmt":"2025-06-19T09:00:10","guid":{"rendered":"https:\/\/onordeste.com.br\/?p=135142"},"modified":"2025-06-19T06:00:10","modified_gmt":"2025-06-19T09:00:10","slug":"cmjp-aprova-ldo-2026-e-limpa-pauta","status":"publish","type":"post","link":"https:\/\/iparaiba.com.br\/index.php\/2025\/06\/19\/cmjp-aprova-ldo-2026-e-limpa-pauta\/","title":{"rendered":"CMJP aprova LDO 2026 e limpa pauta"},"content":{"rendered":"<div>A C\u00e2mara Municipal de Jo\u00e3o Pessoa (CMJP) aprovou o projeto da Lei de Diretrizes Or\u00e7ament\u00e1rias (LDO) para o exerc\u00edcio financeiro de 2026, com 123 emendas, das quais 119 aditivas e quatro de texto. Ao todo, os vereadores aprovaram 20 Projetos de Lei Ordin\u00e1ria (PLO) e seis Projetos de Decreto Legislativo (PDL), na vota\u00e7\u00e3o limpando a pauta do primeiro semestre.<\/div>\n<div><\/div>\n<div>O PLO\u00a0<u><a href=\"https:\/\/sapl.joaopessoa.pb.leg.br\/materia\/pesquisar-materia?tipo=1&amp;ementa=&amp;numero=182&amp;numeracao__numero_materia=&amp;numero_protocolo=&amp;ano=2025&amp;autoria__autor=&amp;autoria__primeiro_autor=unknown&amp;autoria__autor__tipo=&amp;autoria__autor__parlamentar_set__filiacao__partido=\" target=\"_blank\" rel=\"noopener\" data-saferedirecturl=\"https:\/\/www.google.com\/url?q=https:\/\/sapl.joaopessoa.pb.leg.br\/materia\/pesquisar-materia?tipo%3D1%26ementa%3D%26numero%3D182%26numeracao__numero_materia%3D%26numero_protocolo%3D%26ano%3D2025%26autoria__autor%3D%26autoria__primeiro_autor%3Dunknown%26autoria__autor__tipo%3D%26autoria__autor__parlamentar_set__filiacao__partido%3D&amp;source=gmail&amp;ust=1750336514301000&amp;usg=AOvVaw0KdOWfDKMYkqAg4kkfc_F9\">182\/2025<\/a><\/u>, do Executivo Municipal, disp\u00f5e sobre as diretrizes para elabora\u00e7\u00e3o da lei or\u00e7ament\u00e1ria para o exerc\u00edcio de 2026, definindo metas, prioridades e normas para a gest\u00e3o fiscal, or\u00e7ament\u00e1ria e patrimonial do munic\u00edpio. \u201cA aprova\u00e7\u00e3o da LDO 2026 representa mais do que o cumprimento de uma obriga\u00e7\u00e3o constitucional, representa o nosso compromisso com uma Jo\u00e3o Pessoa mas justa, transparente e preparada para enfrentar os desafios sociais e econ\u00f4micos dos pr\u00f3ximos anos. Que este instrumento or\u00e7ament\u00e1rio seja cada vez mais um reflexo das prioridades do povo e do zelo com os recursos p\u00fablicos\u201d, desejou o relator da mat\u00e9ria, vereador Raoni Mendes (DC).<\/div>\n<div><\/div>\n<div>Outro projeto de autoria do Executivo Municipal aprovado foi o PLO\u00a0<u><a href=\"https:\/\/sapl.joaopessoa.pb.leg.br\/media\/sapl\/public\/materialegislativa\/2024\/179111\/mensagem_106_-_plo_-_altera_lei_15.197_hierarquia_viaria.pdf\" target=\"_blank\" rel=\"noopener\" data-saferedirecturl=\"https:\/\/www.google.com\/url?q=https:\/\/sapl.joaopessoa.pb.leg.br\/media\/sapl\/public\/materialegislativa\/2024\/179111\/mensagem_106_-_plo_-_altera_lei_15.197_hierarquia_viaria.pdf&amp;source=gmail&amp;ust=1750336514301000&amp;usg=AOvVaw3Ggj4A5zvcvEgKqx9k99XL\">2248\/2024<\/a><\/u>, que altera o Sistema Vi\u00e1rio B\u00e1sico para adequar novos corredores de transporte da Capital, que comp\u00f5em os projetos de Sistema de Corredores de BRS (Bus Rapid Service) e dos Terminais de Integra\u00e7\u00e3o associados, financiados pela Ag\u00eancia Francesa de Desenvolvimento (AFD). A norma ainda classifica ciclofaixa, ciclovia, via arterial, via coletora, via expressa, via local, via parque e vias marginais, al\u00e9m de definir \u00e1reas de influ\u00eancia.<\/div>\n<div><\/div>\n<div>Tamb\u00e9m foi aprovado o PLO\u00a0<u><a href=\"https:\/\/sapl.joaopessoa.pb.leg.br\/materia\/pesquisar-materia?tipo=1&amp;ementa=&amp;numero=157&amp;numeracao__numero_materia=&amp;numero_protocolo=&amp;ano=2025&amp;autoria__autor=&amp;autoria__primeiro_autor=unknown&amp;autoria__autor__tipo=&amp;autoria__autor__parlamentar_set__filiacao__partido=&amp;o=&amp;tipo_listagem=1&amp;tipo_origem_externa=&amp;numero_origem_externa=&amp;ano_origem_externa=&amp;data_origem_externa_0=&amp;data_origem_externa_1=&amp;local_origem_externa=&amp;data_apresentacao_0=&amp;data_apresentacao_1=&amp;data_publicacao_0=&amp;data_publicacao_1=&amp;relatoria__parlamentar_id=&amp;em_tramitacao=&amp;tramitacao__unidade_tramitacao_destino=&amp;tramitacao__status=&amp;materiaassunto__assunto=&amp;indexacao=&amp;regime_tramitacao=&amp;salvar=Pesquisar\" target=\"_blank\" rel=\"noopener\" data-saferedirecturl=\"https:\/\/www.google.com\/url?q=https:\/\/sapl.joaopessoa.pb.leg.br\/materia\/pesquisar-materia?tipo%3D1%26ementa%3D%26numero%3D157%26numeracao__numero_materia%3D%26numero_protocolo%3D%26ano%3D2025%26autoria__autor%3D%26autoria__primeiro_autor%3Dunknown%26autoria__autor__tipo%3D%26autoria__autor__parlamentar_set__filiacao__partido%3D%26o%3D%26tipo_listagem%3D1%26tipo_origem_externa%3D%26numero_origem_externa%3D%26ano_origem_externa%3D%26data_origem_externa_0%3D%26data_origem_externa_1%3D%26local_origem_externa%3D%26data_apresentacao_0%3D%26data_apresentacao_1%3D%26data_publicacao_0%3D%26data_publicacao_1%3D%26relatoria__parlamentar_id%3D%26em_tramitacao%3D%26tramitacao__unidade_tramitacao_destino%3D%26tramitacao__status%3D%26materiaassunto__assunto%3D%26indexacao%3D%26regime_tramitacao%3D%26salvar%3DPesquisar&amp;source=gmail&amp;ust=1750336514301000&amp;usg=AOvVaw3g5omRoddCm080GBOOoz6u\">157\/2025<\/a><\/u>, que autoriza a ceder, onerosamente, os direitos originados de cr\u00e9ditos tribut\u00e1rios e n\u00e3o tribut\u00e1rios, inclusive quando inscritos em d\u00edvida ativa, \u00e0s pessoas jur\u00eddicas de direito privado ou a fundos de investimento regulamentados pela Comiss\u00e3o de Valores Mobili\u00e1rios (CVM), mediante pr\u00e9via avalia\u00e7\u00e3o e procedimento legalmente previsto, inclusive leil\u00e3o em bolsa de valores. \u201cTal medida integra as inova\u00e7\u00f5es previstas na Lei Complementar Federal n\u00ba 208\/2024, visando modernizar a gest\u00e3o das finan\u00e7as p\u00fablicas e fortalecer a capacidade de investimento municipal. Busca, em s\u00edntese, transformar cr\u00e9ditos p\u00fablicos em liquidez imediata por meio de mecanismos regulados de mercado, conferindo efici\u00eancia e seguran\u00e7a jur\u00eddica \u00e0 opera\u00e7\u00e3o\u201d, justifica a mensagem do Executivo.<\/div>\n<div><\/div>\n<div>Ainda foram aprovados outros cinco projetos do Executivo Municipal autorizando realoca\u00e7\u00f5es or\u00e7ament\u00e1rias e abertura de cr\u00e9ditos especiais: o PLO\u00a0<u><a href=\"https:\/\/sapl.joaopessoa.pb.leg.br\/materia\/pesquisar-materia?tipo=1&amp;ementa=&amp;numero=210&amp;numeracao__numero_materia=&amp;numero_protocolo=&amp;ano=2025&amp;autoria__a\" target=\"_blank\" rel=\"noopener\" data-saferedirecturl=\"https:\/\/www.google.com\/url?q=https:\/\/sapl.joaopessoa.pb.leg.br\/materia\/pesquisar-materia?tipo%3D1%26ementa%3D%26numero%3D210%26numeracao__numero_materia%3D%26numero_protocolo%3D%26ano%3D2025%26autoria__a&amp;source=gmail&amp;ust=1750336514301000&amp;usg=AOvVaw0Yx16BDsb8YmVPLyfwHxuf\">210\/2025<\/a><\/u>, para Emendas Impositivas, no valor global de R$ 1.338.258,00; o PLO\u00a0<u><a href=\"https:\/\/sapl.joaopessoa.pb.leg.br\/materia\/pesquisar-materia?tipo=1&amp;ementa=&amp;numero=315&amp;numeracao__numero_materia=&amp;numero_protocolo=&amp;ano=2025&amp;autoria__autor=&amp;autoria__primeiro_autor=unknown&amp;autori\" target=\"_blank\" rel=\"noopener\" data-saferedirecturl=\"https:\/\/www.google.com\/url?q=https:\/\/sapl.joaopessoa.pb.leg.br\/materia\/pesquisar-materia?tipo%3D1%26ementa%3D%26numero%3D315%26numeracao__numero_materia%3D%26numero_protocolo%3D%26ano%3D2025%26autoria__autor%3D%26autoria__primeiro_autor%3Dunknown%26autori&amp;source=gmail&amp;ust=1750336514301000&amp;usg=AOvVaw2SJ5-mSg3t1iKUirNity2f\">315\/2025<\/a><\/u>, no valor de R$ 400 mil, destinados \u00e0 Funda\u00e7\u00e3o Cultural de Jo\u00e3o Pessoa (Funjope); o PLO\u00a0<u><a href=\"https:\/\/sapl.joaopessoa.pb.leg.br\/materia\/pesquisar-materia?tipo=1&amp;ementa=&amp;numero=317&amp;numeracao__numero_materia=&amp;numero_protocolo=&amp;ano=2025&amp;autoria__autor=&amp;autoria__primeiro_autor=unknown&amp;autoria__autor__tipo=&amp;autoria__autor__parlamentar_set__filiacao__partido=&amp;o=&amp;tipo_listagem=1&amp;tipo_origem_externa=&amp;numero_origem_externa=&amp;ano_origem_externa=&amp;data_origem_externa_0=&amp;data_origem_externa_1=&amp;local_origem_externa=&amp;data_apresentacao_0=&amp;data_apresentacao_1=&amp;data_publicacao_0=&amp;data_publicacao_1=&amp;relatoria__parlamentar_id=&amp;em_tramitacao=&amp;tramitacao__unidade_tramitacao_destino=&amp;tramitacao__status=&amp;materiaassunto__assunto=&amp;indexacao=&amp;regime_tramitacao=&amp;salvar=Pesquisar\" target=\"_blank\" rel=\"noopener\" data-saferedirecturl=\"https:\/\/www.google.com\/url?q=https:\/\/sapl.joaopessoa.pb.leg.br\/materia\/pesquisar-materia?tipo%3D1%26ementa%3D%26numero%3D317%26numeracao__numero_materia%3D%26numero_protocolo%3D%26ano%3D2025%26autoria__autor%3D%26autoria__primeiro_autor%3Dunknown%26autoria__autor__tipo%3D%26autoria__autor__parlamentar_set__filiacao__partido%3D%26o%3D%26tipo_listagem%3D1%26tipo_origem_externa%3D%26numero_origem_externa%3D%26ano_origem_externa%3D%26data_origem_externa_0%3D%26data_origem_externa_1%3D%26local_origem_externa%3D%26data_apresentacao_0%3D%26data_apresentacao_1%3D%26data_publicacao_0%3D%26data_publicacao_1%3D%26relatoria__parlamentar_id%3D%26em_tramitacao%3D%26tramitacao__unidade_tramitacao_destino%3D%26tramitacao__status%3D%26materiaassunto__assunto%3D%26indexacao%3D%26regime_tramitacao%3D%26salvar%3DPesquisar&amp;source=gmail&amp;ust=1750336514301000&amp;usg=AOvVaw2Tao5rlJhIL9nwSoTm2vaQ\">317\/2025<\/a><\/u>, no valor de R$ 874 mil, destinados \u00e0 Superintend\u00eancia Executiva de Mobilidade Urbana de Jo\u00e3o Pessoa (Semob); o PLO\u00a0<u><a href=\"https:\/\/sapl.joaopessoa.pb.leg.br\/materia\/pesquisar-materia?tipo=1&amp;ementa=&amp;numero=318&amp;numeracao__numero_materia=&amp;numero_protocolo=&amp;ano=2025&amp;autoria__autor=&amp;autoria__primeir\" target=\"_blank\" rel=\"noopener\" data-saferedirecturl=\"https:\/\/www.google.com\/url?q=https:\/\/sapl.joaopessoa.pb.leg.br\/materia\/pesquisar-materia?tipo%3D1%26ementa%3D%26numero%3D318%26numeracao__numero_materia%3D%26numero_protocolo%3D%26ano%3D2025%26autoria__autor%3D%26autoria__primeir&amp;source=gmail&amp;ust=1750336514301000&amp;usg=AOvVaw3kGx_MmMz11g5Ed5HzegqG\">318\/2025<\/a><\/u>, no valor de R$ 28 milh\u00f5es e 67 mil, destinados \u00e0 C\u00e2mara Municipal e outros \u00f3rg\u00e3os da estrutura organizacional b\u00e1sica do Munic\u00edpio; e o PLO\u00a0<u><a href=\"https:\/\/sapl.joaopessoa.pb.leg.br\/materia\/pesquisar-materia?tipo=1&amp;ementa=&amp;numero=319&amp;numeracao__numero_materia=&amp;numero_protocolo=&amp;ano=2025&amp;autoria__autor=&amp;autoria__primeiro_autor=unknown&amp;autoria__autor__tipo=&amp;autoria__autor__parlamentar_set__filiacao__partido=&amp;o=&amp;tipo_listagem=1&amp;tipo_origem_externa=&amp;numero_origem_externa=&amp;ano_origem_externa=&amp;data_origem_externa_0=&amp;data_origem_externa_1=&amp;local_origem_externa=&amp;data_apresentacao_0=&amp;data_apresentacao_1=&amp;data_publicacao_0=&amp;data_publicacao_1=&amp;relatoria__parlamentar_id=&amp;em_tramitacao=&amp;tramitacao__unidade_tramitacao_destino=&amp;tramitacao__status=&amp;materiaassunto__assunto=&amp;indexacao=&amp;regime_tramitacao=&amp;salvar=Pesquisar\" target=\"_blank\" rel=\"noopener\" data-saferedirecturl=\"https:\/\/www.google.com\/url?q=https:\/\/sapl.joaopessoa.pb.leg.br\/materia\/pesquisar-materia?tipo%3D1%26ementa%3D%26numero%3D319%26numeracao__numero_materia%3D%26numero_protocolo%3D%26ano%3D2025%26autoria__autor%3D%26autoria__primeiro_autor%3Dunknown%26autoria__autor__tipo%3D%26autoria__autor__parlamentar_set__filiacao__partido%3D%26o%3D%26tipo_listagem%3D1%26tipo_origem_externa%3D%26numero_origem_externa%3D%26ano_origem_externa%3D%26data_origem_externa_0%3D%26data_origem_externa_1%3D%26local_origem_externa%3D%26data_apresentacao_0%3D%26data_apresentacao_1%3D%26data_publicacao_0%3D%26data_publicacao_1%3D%26relatoria__parlamentar_id%3D%26em_tramitacao%3D%26tramitacao__unidade_tramitacao_destino%3D%26tramitacao__status%3D%26materiaassunto__assunto%3D%26indexacao%3D%26regime_tramitacao%3D%26salvar%3DPesquisar&amp;source=gmail&amp;ust=1750336514301000&amp;usg=AOvVaw0DCUE8uOKUAJS-4nJcK7Va\">319\/2025<\/a><\/u>, no valor global de R$ 4 milh\u00f5es e 216 mil, destinados ao Fundo Municipal do Meio Ambiente, \u00e0 Funda\u00e7\u00e3o Campe\u00f5es do Amanh\u00e3 e aos encargos gerais do Munic\u00edpio, recursos sob a supervis\u00e3o da Secretaria de Finan\u00e7as.<\/div>\n<div>CMJP<\/div>\n","protected":false},"excerpt":{"rendered":"<p>A C\u00e2mara Municipal de Jo\u00e3o Pessoa (CMJP) aprovou o projeto da Lei de Diretrizes Or\u00e7ament\u00e1rias (LDO) para o exerc\u00edcio financeiro de 2026, com 123 emendas, das quais 119 aditivas e quatro de texto. Ao todo, os vereadores aprovaram 20 Projetos de Lei Ordin\u00e1ria (PLO) e seis Projetos de Decreto Legislativo (PDL), na vota\u00e7\u00e3o limpando a &hellip;<\/p>\n","protected":false},"author":1,"featured_media":110487,"comment_status":"open","ping_status":"open","sticky":false,"template":"","format":"standard","meta":{"footnotes":""},"categories":[8],"tags":[],"class_list":["post-135148","post","type-post","status-publish","format-standard","has-post-thumbnail","hentry","category-politica"],"_links":{"self":[{"href":"https:\/\/iparaiba.com.br\/index.php\/wp-json\/wp\/v2\/posts\/135148","targetHints":{"allow":["GET"]}}],"collection":[{"href":"https:\/\/iparaiba.com.br\/index.php\/wp-json\/wp\/v2\/posts"}],"about":[{"href":"https:\/\/iparaiba.com.br\/index.php\/wp-json\/wp\/v2\/types\/post"}],"author":[{"embeddable":true,"href":"https:\/\/iparaiba.com.br\/index.php\/wp-json\/wp\/v2\/users\/1"}],"replies":[{"embeddable":true,"href":"https:\/\/iparaiba.com.br\/index.php\/wp-json\/wp\/v2\/comments?post=135148"}],"version-history":[{"count":1,"href":"https:\/\/iparaiba.com.br\/index.php\/wp-json\/wp\/v2\/posts\/135148\/revisions"}],"predecessor-version":[{"id":135197,"href":"https:\/\/iparaiba.com.br\/index.php\/wp-json\/wp\/v2\/posts\/135148\/revisions\/135197"}],"wp:featuredmedia":[{"embeddable":true,"href":"https:\/\/iparaiba.com.br\/index.php\/wp-json\/wp\/v2\/media\/110487"}],"wp:attachment":[{"href":"https:\/\/iparaiba.com.br\/index.php\/wp-json\/wp\/v2\/media?parent=135148"}],"wp:term":[{"taxonomy":"category","embeddable":true,"href":"https:\/\/iparaiba.com.br\/index.php\/wp-json\/wp\/v2\/categories?post=135148"},{"taxonomy":"post_tag","embeddable":true,"href":"https:\/\/iparaiba.com.br\/index.php\/wp-json\/wp\/v2\/tags?post=135148"}],"curies":[{"name":"wp","href":"https:\/\/api.w.org\/{rel}","templated":true}]}}