{"id":135147,"date":"2025-06-18T18:41:58","date_gmt":"2025-06-18T21:41:58","guid":{"rendered":"https:\/\/onordeste.com.br\/?p=135140"},"modified":"2025-06-18T18:41:58","modified_gmt":"2025-06-18T21:41:58","slug":"deputados-participam-de-evento-para-liberacao-de-emendas-impositivas-do-orcamento","status":"publish","type":"post","link":"https:\/\/iparaiba.com.br\/index.php\/2025\/06\/18\/deputados-participam-de-evento-para-liberacao-de-emendas-impositivas-do-orcamento\/","title":{"rendered":"Deputados participam de evento para libera\u00e7\u00e3o de emendas impositivas do or\u00e7amento"},"content":{"rendered":"<p>O presidente da Assembleia Legislativa da Para\u00edba (ALPB), Adriano Galdino, e diversos deputados participaram da solenidade de autoriza\u00e7\u00e3o do pagamento de impositivas inclu\u00eddas pelos parlamentares no or\u00e7amento estadual de 2025. O evento, comandado pelo governador Jo\u00e3o Azev\u00eado, aconteceu na Sala de Multiusos do Centro de Conven\u00e7\u00f5es do Estado e contou tamb\u00e9m com a presen\u00e7a de v\u00e1rios prefeitos.<\/p>\n<p>Na oportunidade, Jo\u00e3o anunciou a libera\u00e7\u00e3o de recursos de cerca de R$ 170 milh\u00f5es, que impactar\u00e3o a economia de 204 munic\u00edpios paraibanos e entidades nas \u00e1reas de sa\u00fade, educa\u00e7\u00e3o e infraestrutura urbana, dentre outras a\u00e7\u00f5es.<\/p>\n<p>&#8220;Essa \u00e9 uma maneira que o Estado, junto com a Assembleia, encontrou para fazer o recurso chegar cada vez mais r\u00e1pido aos munic\u00edpios. Ent\u00e3o, \u00e9 uma a\u00e7\u00e3o que integra o Poder Legislativo com o Poder Executivo&#8221;, ressaltou o governador Jo\u00e3o Azev\u00eado, lembrando que os recursos liberados resultam de uma a\u00e7\u00e3o que gera emprego, renda, porque s\u00e3o quase R$ 170 milh\u00f5es injetados na economia do Estado. \u201cTodos os deputados s\u00e3o atendidos, sem distin\u00e7\u00e3o, e com princ\u00edpio de igualdade\u201d, declarou o governador.<\/p>\n","protected":false},"excerpt":{"rendered":"<p>O presidente da Assembleia Legislativa da Para\u00edba (ALPB), Adriano Galdino, e diversos deputados participaram da solenidade de autoriza\u00e7\u00e3o do pagamento de impositivas inclu\u00eddas pelos parlamentares no or\u00e7amento estadual de 2025. O evento, comandado pelo governador Jo\u00e3o Azev\u00eado, aconteceu na Sala de Multiusos do Centro de Conven\u00e7\u00f5es do Estado e contou tamb\u00e9m com a presen\u00e7a de &hellip;<\/p>\n","protected":false},"author":1,"featured_media":102730,"comment_status":"open","ping_status":"open","sticky":false,"template":"","format":"standard","meta":{"footnotes":""},"categories":[8],"tags":[],"class_list":["post-135147","post","type-post","status-publish","format-standard","has-post-thumbnail","hentry","category-politica"],"_links":{"self":[{"href":"https:\/\/iparaiba.com.br\/index.php\/wp-json\/wp\/v2\/posts\/135147","targetHints":{"allow":["GET"]}}],"collection":[{"href":"https:\/\/iparaiba.com.br\/index.php\/wp-json\/wp\/v2\/posts"}],"about":[{"href":"https:\/\/iparaiba.com.br\/index.php\/wp-json\/wp\/v2\/types\/post"}],"author":[{"embeddable":true,"href":"https:\/\/iparaiba.com.br\/index.php\/wp-json\/wp\/v2\/users\/1"}],"replies":[{"embeddable":true,"href":"https:\/\/iparaiba.com.br\/index.php\/wp-json\/wp\/v2\/comments?post=135147"}],"version-history":[{"count":1,"href":"https:\/\/iparaiba.com.br\/index.php\/wp-json\/wp\/v2\/posts\/135147\/revisions"}],"predecessor-version":[{"id":135196,"href":"https:\/\/iparaiba.com.br\/index.php\/wp-json\/wp\/v2\/posts\/135147\/revisions\/135196"}],"wp:featuredmedia":[{"embeddable":true,"href":"https:\/\/iparaiba.com.br\/index.php\/wp-json\/wp\/v2\/media\/102730"}],"wp:attachment":[{"href":"https:\/\/iparaiba.com.br\/index.php\/wp-json\/wp\/v2\/media?parent=135147"}],"wp:term":[{"taxonomy":"category","embeddable":true,"href":"https:\/\/iparaiba.com.br\/index.php\/wp-json\/wp\/v2\/categories?post=135147"},{"taxonomy":"post_tag","embeddable":true,"href":"https:\/\/iparaiba.com.br\/index.php\/wp-json\/wp\/v2\/tags?post=135147"}],"curies":[{"name":"wp","href":"https:\/\/api.w.org\/{rel}","templated":true}]}}