{"id":135146,"date":"2025-06-18T16:00:50","date_gmt":"2025-06-18T19:00:50","guid":{"rendered":"https:\/\/onordeste.com.br\/?p=135138"},"modified":"2025-06-18T16:00:50","modified_gmt":"2025-06-18T19:00:50","slug":"cfoab-proibe-inscricao-de-condenados-por-crimes-raciais","status":"publish","type":"post","link":"https:\/\/iparaiba.com.br\/index.php\/2025\/06\/18\/cfoab-proibe-inscricao-de-condenados-por-crimes-raciais\/","title":{"rendered":"CFOAB pro\u00edbe inscri\u00e7\u00e3o de condenados por crimes raciais"},"content":{"rendered":"<p>Em mais um passo no enfrentamento ao racismo, o Conselho Pleno do Conselho Federal aprovou, por aclama\u00e7\u00e3o, a edi\u00e7\u00e3o de s\u00famula que veda a inscri\u00e7\u00e3o nos quadros da entidade de candidatos que tenham praticado atos de racismo. A decis\u00e3o foi tomada nesta segunda-feira (16\/6), durante sess\u00e3o ordin\u00e1ria realizada na sede da OAB-DF.<\/p>\n<p>Ao votar favoravelmente \u00e0 proposta, a relatora da mat\u00e9ria, conselheira federal Shynaide Mafra Holanda Maia (PE), reconheceu que a pr\u00e1tica do racismo revela falta de idoneidade moral, requisito essencial para o exerc\u00edcio da profiss\u00e3o, nos termos do Estatuto da Advocacia (Lei 8.906\/1994).<\/p>\n<p>A relatora destacou o alinhamento da medida com outras s\u00famulas j\u00e1 editadas pelo Conselho Federal, que tamb\u00e9m abordam a inidoneidade moral e s\u00e3o apreciadas pelos Conselhos Seccionais da OAB. S\u00e3o elas: a S\u00famula 9\/2019, que trata da viol\u00eancia contra a mulher; a S\u00famula 10\/2019, sobre viol\u00eancia contra crian\u00e7as, adolescentes, idosos e pessoas com defici\u00eancia; e a S\u00famula 11\/2019, relativa \u00e0 viol\u00eancia contra pessoas LGBTI+.<\/p>\n<p>A proposi\u00e7\u00e3o foi apresentada pela OAB-PI, por meio do presidente Raimundo J\u00fanior, do conselheiro federal Ian Cavalcante, e da secret\u00e1ria-geral da seccional, No\u00e9lia Sampaio. A medida foi fundamentada em jurisprud\u00eancia pac\u00edfica do Supremo Tribunal Federal (STF) e do Superior Tribunal de Justi\u00e7a (STJ), que reconhece a gravidade da conduta e vedam acordos a exemplo do acordo de n\u00e3o persecu\u00e7\u00e3o penal (ANPP).<\/p>\n<p>Na ocasi\u00e3o, foram feitas homenagens \u00e0 Esperan\u00e7a Garcia, mulher negra e piauiense reconhecida como a primeira advogada do Brasil, e a lideran\u00e7as negras da advocacia contempor\u00e2nea.<\/p>\n<p><a href=\"https:\/\/www.flickr.com\/photos\/cfoab\/albums\/72177720326891331\/\" target=\"_blank\" rel=\"noopener\">Confira todas as fotos da sess\u00e3o no Flickr da OAB Nacional<\/a><\/p>\n","protected":false},"excerpt":{"rendered":"<p>Em mais um passo no enfrentamento ao racismo, o Conselho Pleno do Conselho Federal aprovou, por aclama\u00e7\u00e3o, a edi\u00e7\u00e3o de s\u00famula que veda a inscri\u00e7\u00e3o nos quadros da entidade de candidatos que tenham praticado atos de racismo. A decis\u00e3o foi tomada nesta segunda-feira (16\/6), durante sess\u00e3o ordin\u00e1ria realizada na sede da OAB-DF. Ao votar favoravelmente &hellip;<\/p>\n","protected":false},"author":1,"featured_media":97971,"comment_status":"open","ping_status":"open","sticky":false,"template":"","format":"standard","meta":{"footnotes":""},"categories":[9],"tags":[],"class_list":["post-135146","post","type-post","status-publish","format-standard","has-post-thumbnail","hentry","category-justica"],"_links":{"self":[{"href":"https:\/\/iparaiba.com.br\/index.php\/wp-json\/wp\/v2\/posts\/135146","targetHints":{"allow":["GET"]}}],"collection":[{"href":"https:\/\/iparaiba.com.br\/index.php\/wp-json\/wp\/v2\/posts"}],"about":[{"href":"https:\/\/iparaiba.com.br\/index.php\/wp-json\/wp\/v2\/types\/post"}],"author":[{"embeddable":true,"href":"https:\/\/iparaiba.com.br\/index.php\/wp-json\/wp\/v2\/users\/1"}],"replies":[{"embeddable":true,"href":"https:\/\/iparaiba.com.br\/index.php\/wp-json\/wp\/v2\/comments?post=135146"}],"version-history":[{"count":1,"href":"https:\/\/iparaiba.com.br\/index.php\/wp-json\/wp\/v2\/posts\/135146\/revisions"}],"predecessor-version":[{"id":135195,"href":"https:\/\/iparaiba.com.br\/index.php\/wp-json\/wp\/v2\/posts\/135146\/revisions\/135195"}],"wp:featuredmedia":[{"embeddable":true,"href":"https:\/\/iparaiba.com.br\/index.php\/wp-json\/wp\/v2\/media\/97971"}],"wp:attachment":[{"href":"https:\/\/iparaiba.com.br\/index.php\/wp-json\/wp\/v2\/media?parent=135146"}],"wp:term":[{"taxonomy":"category","embeddable":true,"href":"https:\/\/iparaiba.com.br\/index.php\/wp-json\/wp\/v2\/categories?post=135146"},{"taxonomy":"post_tag","embeddable":true,"href":"https:\/\/iparaiba.com.br\/index.php\/wp-json\/wp\/v2\/tags?post=135146"}],"curies":[{"name":"wp","href":"https:\/\/api.w.org\/{rel}","templated":true}]}}