{"id":135145,"date":"2025-06-18T14:00:52","date_gmt":"2025-06-18T17:00:52","guid":{"rendered":"https:\/\/onordeste.com.br\/?p=135136"},"modified":"2025-06-18T14:00:52","modified_gmt":"2025-06-18T17:00:52","slug":"stf-restabelece-a-imunidade-do-advogado","status":"publish","type":"post","link":"https:\/\/iparaiba.com.br\/index.php\/2025\/06\/18\/stf-restabelece-a-imunidade-do-advogado\/","title":{"rendered":"STF restabelece a imunidade do advogado"},"content":{"rendered":"<p>Por unanimidade, o Supremo Tribunal Federal (STF) julgou procedente a a\u00e7\u00e3o movida pela OAB para restabelecer, no Estatuto da Advocacia, o dispositivo que assegura a imunidade profissional do advogado. Esse dispositivo havia sido declarado revogado sem que tivesse sido votado pelo Congresso Nacional.<\/p>\n<p>O julgamento ocorreu na A\u00e7\u00e3o Direta de Inconstitucionalidade (ADI) 7231, de relatoria do ministro Fl\u00e1vio Dino. Nela, a OAB questionava a revoga\u00e7\u00e3o dos par\u00e1grafos do Estatuto da Advocacia que tratavam da imunidade profissional \u2014 em especial o trecho que afastava a tipifica\u00e7\u00e3o de inj\u00faria, difama\u00e7\u00e3o ou desacato no exerc\u00edcio da atividade advocat\u00edcia. A Advocacia-Geral da Uni\u00e3o (AGU) e a Procuradoria-Geral da Rep\u00fablica (PGR) se manifestaram pela proced\u00eancia do pedido.<\/p>\n<p>O STF declarou formalmente inconstitucional o artigo 2\u00ba da Lei 14.365\/2022, exclusivamente no ponto em que revogava os par\u00e1grafos 1\u00ba e 2\u00ba do artigo 7\u00ba da Lei 8.906\/1994 (Estatuto da Advocacia), restabelecendo a vig\u00eancia dos referidos dispositivos.<\/p>\n<p>Para o presidente do Conselho Federal da OAB, Beto Simonetti, \u201ca decis\u00e3o deixa claro que o advogado n\u00e3o pode ter suas prerrogativas profissionais violadas. A imunidade da advocacia \u00e9 uma conquista que jamais deve ser flexibilizada, menos ainda revogada\u201d.<\/p>\n<p>De acordo com o procurador constitucional da OAB, Marcus Vin\u00edcius Co\u00ealho, \u201cas prerrogativas da classe, principalmente a imunidade, s\u00e3o exercidas pela advocacia, mas pertencem ao cidad\u00e3o que \u00e9 defendido pelo profissional. A OAB possui esse trabalho vitorioso em defesa da classe\u201d.<\/p>\n<div><a href=\"https:\/\/s.oab.org.br\/arquivos\/2025\/06\/41d9d52e-ad74-4baa-a8c9-f3812ee7dc89.pdf\" target=\"_blank\" rel=\"noopener\">Confira o voto do relator, ministro Fl\u00e1vio Dino<\/a><\/div>\n","protected":false},"excerpt":{"rendered":"<p>Por unanimidade, o Supremo Tribunal Federal (STF) julgou procedente a a\u00e7\u00e3o movida pela OAB para restabelecer, no Estatuto da Advocacia, o dispositivo que assegura a imunidade profissional do advogado. Esse dispositivo havia sido declarado revogado sem que tivesse sido votado pelo Congresso Nacional. O julgamento ocorreu na A\u00e7\u00e3o Direta de Inconstitucionalidade (ADI) 7231, de relatoria &hellip;<\/p>\n","protected":false},"author":1,"featured_media":107988,"comment_status":"open","ping_status":"open","sticky":false,"template":"","format":"standard","meta":{"footnotes":""},"categories":[9],"tags":[],"class_list":["post-135145","post","type-post","status-publish","format-standard","has-post-thumbnail","hentry","category-justica"],"_links":{"self":[{"href":"https:\/\/iparaiba.com.br\/index.php\/wp-json\/wp\/v2\/posts\/135145","targetHints":{"allow":["GET"]}}],"collection":[{"href":"https:\/\/iparaiba.com.br\/index.php\/wp-json\/wp\/v2\/posts"}],"about":[{"href":"https:\/\/iparaiba.com.br\/index.php\/wp-json\/wp\/v2\/types\/post"}],"author":[{"embeddable":true,"href":"https:\/\/iparaiba.com.br\/index.php\/wp-json\/wp\/v2\/users\/1"}],"replies":[{"embeddable":true,"href":"https:\/\/iparaiba.com.br\/index.php\/wp-json\/wp\/v2\/comments?post=135145"}],"version-history":[{"count":1,"href":"https:\/\/iparaiba.com.br\/index.php\/wp-json\/wp\/v2\/posts\/135145\/revisions"}],"predecessor-version":[{"id":135194,"href":"https:\/\/iparaiba.com.br\/index.php\/wp-json\/wp\/v2\/posts\/135145\/revisions\/135194"}],"wp:featuredmedia":[{"embeddable":true,"href":"https:\/\/iparaiba.com.br\/index.php\/wp-json\/wp\/v2\/media\/107988"}],"wp:attachment":[{"href":"https:\/\/iparaiba.com.br\/index.php\/wp-json\/wp\/v2\/media?parent=135145"}],"wp:term":[{"taxonomy":"category","embeddable":true,"href":"https:\/\/iparaiba.com.br\/index.php\/wp-json\/wp\/v2\/categories?post=135145"},{"taxonomy":"post_tag","embeddable":true,"href":"https:\/\/iparaiba.com.br\/index.php\/wp-json\/wp\/v2\/tags?post=135145"}],"curies":[{"name":"wp","href":"https:\/\/api.w.org\/{rel}","templated":true}]}}