{"id":135122,"date":"2025-06-09T08:32:27","date_gmt":"2025-06-09T11:32:27","guid":{"rendered":"https:\/\/onordeste.com.br\/?p=135079"},"modified":"2025-06-09T08:32:27","modified_gmt":"2025-06-09T11:32:27","slug":"audiencia-publica-debate-oferta-e-disciplina-do-servico-couvert-artistico","status":"publish","type":"post","link":"https:\/\/iparaiba.com.br\/index.php\/2025\/06\/09\/audiencia-publica-debate-oferta-e-disciplina-do-servico-couvert-artistico\/","title":{"rendered":"Audi\u00eancia P\u00fablica debate oferta e disciplina do servi\u00e7o \u201ccouvert art\u00edstico\u201d"},"content":{"rendered":"<p>A C\u00e2mara Municipal de Jo\u00e3o Pessoa (CMJP) realizou Audi\u00eancia P\u00fablica para debater a disciplina e oferta de servi\u00e7os do tipo \u201ccouvert art\u00edstico\u201d na cidade de Jo\u00e3o Pessoa. O vereador Guguinha Moov Jampa (PSD) foi o propositor da sess\u00e3o.<\/p>\n<p>O parlamentar falou que n\u00e3o desistir\u00e1 e vai seguir at\u00e9 o fim. \u201cEu tenho responsabilidade e compromisso. Pe\u00e7o que a popula\u00e7\u00e3o olhe cada parlamentar e veja quem tem o compromisso com o povo. N\u00f3s vamos vencer, o trabalhador vai vencer e os artistas e m\u00fasicos v\u00e3o vencer\u201d, afirmou.<\/p>\n<p>Adriano Ismael, conselheiro da Ordem dos M\u00fasicos, falou que \u00e9 um momento hist\u00f3rico. \u201cH\u00e1 muito tempo estamos pleiteando esse tipo de movimento, da busca pelo respeito por essa classe. A partir de agora, independentemente do que a lei trar\u00e1, algo vai mudar, n\u00e3o vai continuar a mesma coisa, isso j\u00e1 foi plantado\u201d, acrescentou.<\/p>\n<p>O vereador M\u00f4 Lima (PP) disse que foram as duas categorias que mais sofreram com a pandemia da Covid-19, o contratante e o m\u00fasico. \u201cSabemos do sofrimento do m\u00fasico, e quem est\u00e1 falando aqui n\u00e3o \u00e9 o vereador M\u00f4 Lima, e sim o m\u00fasico M\u00f4 Lima. Na hora que a lei for aprovada, tenho certeza de que os estados brasileiros v\u00e3o copiar e n\u00f3s vamos fazer hist\u00f3ria. N\u00e3o \u00e9 esmola, o nome \u00e9 couvert art\u00edstico e essa uni\u00e3o que est\u00e1 acontecendo agora de alguma forma ir\u00e1 nos fortalecer\u201d, falou.<\/p>\n","protected":false},"excerpt":{"rendered":"<p>A C\u00e2mara Municipal de Jo\u00e3o Pessoa (CMJP) realizou Audi\u00eancia P\u00fablica para debater a disciplina e oferta de servi\u00e7os do tipo \u201ccouvert art\u00edstico\u201d na cidade de Jo\u00e3o Pessoa. O vereador Guguinha Moov Jampa (PSD) foi o propositor da sess\u00e3o. O parlamentar falou que n\u00e3o desistir\u00e1 e vai seguir at\u00e9 o fim. \u201cEu tenho responsabilidade e compromisso. &hellip;<\/p>\n","protected":false},"author":1,"featured_media":110487,"comment_status":"open","ping_status":"open","sticky":false,"template":"","format":"standard","meta":{"footnotes":""},"categories":[15],"tags":[],"class_list":["post-135122","post","type-post","status-publish","format-standard","has-post-thumbnail","hentry","category-links"],"_links":{"self":[{"href":"https:\/\/iparaiba.com.br\/index.php\/wp-json\/wp\/v2\/posts\/135122","targetHints":{"allow":["GET"]}}],"collection":[{"href":"https:\/\/iparaiba.com.br\/index.php\/wp-json\/wp\/v2\/posts"}],"about":[{"href":"https:\/\/iparaiba.com.br\/index.php\/wp-json\/wp\/v2\/types\/post"}],"author":[{"embeddable":true,"href":"https:\/\/iparaiba.com.br\/index.php\/wp-json\/wp\/v2\/users\/1"}],"replies":[{"embeddable":true,"href":"https:\/\/iparaiba.com.br\/index.php\/wp-json\/wp\/v2\/comments?post=135122"}],"version-history":[{"count":0,"href":"https:\/\/iparaiba.com.br\/index.php\/wp-json\/wp\/v2\/posts\/135122\/revisions"}],"wp:featuredmedia":[{"embeddable":true,"href":"https:\/\/iparaiba.com.br\/index.php\/wp-json\/wp\/v2\/media\/110487"}],"wp:attachment":[{"href":"https:\/\/iparaiba.com.br\/index.php\/wp-json\/wp\/v2\/media?parent=135122"}],"wp:term":[{"taxonomy":"category","embeddable":true,"href":"https:\/\/iparaiba.com.br\/index.php\/wp-json\/wp\/v2\/categories?post=135122"},{"taxonomy":"post_tag","embeddable":true,"href":"https:\/\/iparaiba.com.br\/index.php\/wp-json\/wp\/v2\/tags?post=135122"}],"curies":[{"name":"wp","href":"https:\/\/api.w.org\/{rel}","templated":true}]}}