{"id":135118,"date":"2025-06-09T09:28:35","date_gmt":"2025-06-09T12:28:35","guid":{"rendered":"https:\/\/onordeste.com.br\/?p=135071"},"modified":"2025-06-09T09:28:35","modified_gmt":"2025-06-09T12:28:35","slug":"tcu-analisa-contas-do-presidente-da-republica","status":"publish","type":"post","link":"https:\/\/iparaiba.com.br\/index.php\/2025\/06\/09\/tcu-analisa-contas-do-presidente-da-republica\/","title":{"rendered":"TCU analisa contas do presidente da Rep\u00fablica"},"content":{"rendered":"<p>Na pr\u00f3xima<strong>\u00a0quarta-feira (11\/6), \u00e0s 10h,<\/strong>\u00a0o Tribunal de Contas da Uni\u00e3o (TCU) vai apreciar as contas prestadas pelo presidente da Rep\u00fablica relativas ao<strong>\u00a0exerc\u00edcio financeiro de 2024<\/strong>. A sess\u00e3o plen\u00e1ria solene extraordin\u00e1ria ser\u00e1 transmitida ao vivo no canal oficial do TCU no YouTube. O relator \u00e9 o ministro Jhonatan de Jesus.<\/p>\n<p>O Tribunal faz anualmente\u00a0<strong>an\u00e1lise t\u00e9cnico-jur\u00eddica<\/strong>\u00a0das contas do presidente da Rep\u00fablica e verifica se foram respeitadas, nos gastos p\u00fablicos, as principais regras fiscais e or\u00e7ament\u00e1rias, como, por exemplo, o alcance das metas fiscais, os n\u00edveis de endividamento, a aplica\u00e7\u00e3o m\u00ednima de recursos na sa\u00fade e na educa\u00e7\u00e3o, as ren\u00fancias de receitas, entre outros.<\/p>\n<p>Essa an\u00e1lise resulta na emiss\u00e3o de dois documentos:<strong>\u00a0o relat\u00f3rio e o parecer pr\u00e9vio<\/strong>. No parecer pr\u00e9vio, o TCU emite opini\u00e3o sobre os Balan\u00e7os Gerais da Uni\u00e3o (BGU) e sobre a execu\u00e7\u00e3o or\u00e7ament\u00e1ria, indicando a aprova\u00e7\u00e3o, aprova\u00e7\u00e3o com ressalvas ou rejei\u00e7\u00e3o das contas. O relat\u00f3rio que acompanha o parecer pr\u00e9vio apresenta contextualiza\u00e7\u00e3o econ\u00f4mica, financeira e or\u00e7ament\u00e1ria.<\/p>\n<p>Ap\u00f3s a aprecia\u00e7\u00e3o, o relat\u00f3rio e o parecer pr\u00e9vio s\u00e3o encaminhados ao Congresso Nacional para o julgamento da Presta\u00e7\u00e3o de Contas do Presidente da Rep\u00fablica.<\/p>\n","protected":false},"excerpt":{"rendered":"<p>Na pr\u00f3xima\u00a0quarta-feira (11\/6), \u00e0s 10h,\u00a0o Tribunal de Contas da Uni\u00e3o (TCU) vai apreciar as contas prestadas pelo presidente da Rep\u00fablica relativas ao\u00a0exerc\u00edcio financeiro de 2024. A sess\u00e3o plen\u00e1ria solene extraordin\u00e1ria ser\u00e1 transmitida ao vivo no canal oficial do TCU no YouTube. O relator \u00e9 o ministro Jhonatan de Jesus. O Tribunal faz anualmente\u00a0an\u00e1lise t\u00e9cnico-jur\u00eddica\u00a0das contas &hellip;<\/p>\n","protected":false},"author":1,"featured_media":98335,"comment_status":"open","ping_status":"open","sticky":false,"template":"","format":"standard","meta":{"footnotes":""},"categories":[18],"tags":[],"class_list":["post-135118","post","type-post","status-publish","format-standard","has-post-thumbnail","hentry","category-brasil"],"_links":{"self":[{"href":"https:\/\/iparaiba.com.br\/index.php\/wp-json\/wp\/v2\/posts\/135118","targetHints":{"allow":["GET"]}}],"collection":[{"href":"https:\/\/iparaiba.com.br\/index.php\/wp-json\/wp\/v2\/posts"}],"about":[{"href":"https:\/\/iparaiba.com.br\/index.php\/wp-json\/wp\/v2\/types\/post"}],"author":[{"embeddable":true,"href":"https:\/\/iparaiba.com.br\/index.php\/wp-json\/wp\/v2\/users\/1"}],"replies":[{"embeddable":true,"href":"https:\/\/iparaiba.com.br\/index.php\/wp-json\/wp\/v2\/comments?post=135118"}],"version-history":[{"count":0,"href":"https:\/\/iparaiba.com.br\/index.php\/wp-json\/wp\/v2\/posts\/135118\/revisions"}],"wp:featuredmedia":[{"embeddable":true,"href":"https:\/\/iparaiba.com.br\/index.php\/wp-json\/wp\/v2\/media\/98335"}],"wp:attachment":[{"href":"https:\/\/iparaiba.com.br\/index.php\/wp-json\/wp\/v2\/media?parent=135118"}],"wp:term":[{"taxonomy":"category","embeddable":true,"href":"https:\/\/iparaiba.com.br\/index.php\/wp-json\/wp\/v2\/categories?post=135118"},{"taxonomy":"post_tag","embeddable":true,"href":"https:\/\/iparaiba.com.br\/index.php\/wp-json\/wp\/v2\/tags?post=135118"}],"curies":[{"name":"wp","href":"https:\/\/api.w.org\/{rel}","templated":true}]}}