{"id":135103,"date":"2025-06-10T14:00:05","date_gmt":"2025-06-10T17:00:05","guid":{"rendered":"https:\/\/onordeste.com.br\/?p=135099"},"modified":"2025-06-10T14:00:05","modified_gmt":"2025-06-10T17:00:05","slug":"aprovado-projeto-para-notificacao-imediata-de-recem-nascidos-com-sindrome-de-down","status":"publish","type":"post","link":"https:\/\/iparaiba.com.br\/index.php\/2025\/06\/10\/aprovado-projeto-para-notificacao-imediata-de-recem-nascidos-com-sindrome-de-down\/","title":{"rendered":"Aprovado projeto para notifica\u00e7\u00e3o imediata de rec\u00e9m-nascidos com S\u00edndrome de Down"},"content":{"rendered":"<p>A Assembleia Legislativa da Para\u00edba (ALPB) aprovou o Projeto de Lei 3.913\/2025, de autoria do deputado Tovar Correia Lima, que determina \u00e0s unidades de sa\u00fade p\u00fablicas e privadas do Estado a comunica\u00e7\u00e3o imediata de rec\u00e9m-nascidos com S\u00edndrome de Down \u00e0s institui\u00e7\u00f5es, entidades e associa\u00e7\u00f5es especializadas que desenvolvem atividades espec\u00edficas \u00e0s pessoas com defici\u00eancia.<\/p>\n<p>De acordo com o deputado, o projeto defende &#8220;a garantia de apoio, acompanhamento e interven\u00e7\u00e3o imediata das institui\u00e7\u00f5es, entidades e associa\u00e7\u00f5es, por profissionais capacitados (pediatras, m\u00e9dico assistente, equipe multiprofissional e interdisciplinar), com vistas \u00e0 estimula\u00e7\u00e3o precoce, al\u00e9m de permitir o amparo aos pais, no momento de inseguran\u00e7a, d\u00favidas e incertezas, e ajuste familiar \u00e0 nova situa\u00e7\u00e3o, com as adapta\u00e7\u00f5es e mudan\u00e7as de rela\u00e7\u00f5es, com aten\u00e7\u00e3o multiprofissional&#8221;.<\/p>\n<p>O deputado ressalta que a mat\u00e9ria pretende ainda evitar o diagn\u00f3stico tardio, contribuindo para que beb\u00eas com S\u00edndrome de Down sejam rapidamente identificados e comunicados \u00e0 fam\u00edlia. &#8220;As crian\u00e7as com S\u00edndrome de Down precisam ser estimuladas desde o nascimento, para que sejam capazes de superar as limita\u00e7\u00f5es que essa altera\u00e7\u00e3o gen\u00e9tica imp\u00f5e. Como t\u00eam necessidades espec\u00edficas de sa\u00fade e aprendizagem, desativem a assist\u00eancia profissional multidisciplinar e a aten\u00e7\u00e3o permanente dos pais&#8221;, justificou o deputado Tovar.<\/p>\n","protected":false},"excerpt":{"rendered":"<p>A Assembleia Legislativa da Para\u00edba (ALPB) aprovou o Projeto de Lei 3.913\/2025, de autoria do deputado Tovar Correia Lima, que determina \u00e0s unidades de sa\u00fade p\u00fablicas e privadas do Estado a comunica\u00e7\u00e3o imediata de rec\u00e9m-nascidos com S\u00edndrome de Down \u00e0s institui\u00e7\u00f5es, entidades e associa\u00e7\u00f5es especializadas que desenvolvem atividades espec\u00edficas \u00e0s pessoas com defici\u00eancia. De acordo &hellip;<\/p>\n","protected":false},"author":1,"featured_media":115221,"comment_status":"open","ping_status":"open","sticky":false,"template":"","format":"standard","meta":{"footnotes":""},"categories":[8],"tags":[],"class_list":["post-135103","post","type-post","status-publish","format-standard","has-post-thumbnail","hentry","category-politica"],"_links":{"self":[{"href":"https:\/\/iparaiba.com.br\/index.php\/wp-json\/wp\/v2\/posts\/135103","targetHints":{"allow":["GET"]}}],"collection":[{"href":"https:\/\/iparaiba.com.br\/index.php\/wp-json\/wp\/v2\/posts"}],"about":[{"href":"https:\/\/iparaiba.com.br\/index.php\/wp-json\/wp\/v2\/types\/post"}],"author":[{"embeddable":true,"href":"https:\/\/iparaiba.com.br\/index.php\/wp-json\/wp\/v2\/users\/1"}],"replies":[{"embeddable":true,"href":"https:\/\/iparaiba.com.br\/index.php\/wp-json\/wp\/v2\/comments?post=135103"}],"version-history":[{"count":1,"href":"https:\/\/iparaiba.com.br\/index.php\/wp-json\/wp\/v2\/posts\/135103\/revisions"}],"predecessor-version":[{"id":135132,"href":"https:\/\/iparaiba.com.br\/index.php\/wp-json\/wp\/v2\/posts\/135103\/revisions\/135132"}],"wp:featuredmedia":[{"embeddable":true,"href":"https:\/\/iparaiba.com.br\/index.php\/wp-json\/wp\/v2\/media\/115221"}],"wp:attachment":[{"href":"https:\/\/iparaiba.com.br\/index.php\/wp-json\/wp\/v2\/media?parent=135103"}],"wp:term":[{"taxonomy":"category","embeddable":true,"href":"https:\/\/iparaiba.com.br\/index.php\/wp-json\/wp\/v2\/categories?post=135103"},{"taxonomy":"post_tag","embeddable":true,"href":"https:\/\/iparaiba.com.br\/index.php\/wp-json\/wp\/v2\/tags?post=135103"}],"curies":[{"name":"wp","href":"https:\/\/api.w.org\/{rel}","templated":true}]}}