{"id":135102,"date":"2025-06-10T12:00:28","date_gmt":"2025-06-10T15:00:28","guid":{"rendered":"https:\/\/onordeste.com.br\/?p=135097"},"modified":"2025-06-10T12:00:28","modified_gmt":"2025-06-10T15:00:28","slug":"ccj-e-favoravel-ao-estatuto-municipal-da-promocao-racial","status":"publish","type":"post","link":"https:\/\/iparaiba.com.br\/index.php\/2025\/06\/10\/ccj-e-favoravel-ao-estatuto-municipal-da-promocao-racial\/","title":{"rendered":"CCJ \u00e9 favor\u00e1vel ao Estatuto Municipal da Promo\u00e7\u00e3o Racial"},"content":{"rendered":"<p align=\"justify\">A Comiss\u00e3o de Constitui\u00e7\u00e3o, Justi\u00e7a, Reda\u00e7\u00e3o e Legisla\u00e7\u00e3o Participativa (CCJ), da C\u00e2mara Municipal de Jo\u00e3o Pessoa (CMJP), aprovou o parecer favor\u00e1vel ao Estatuto Municipal da Promo\u00e7\u00e3o Racial. O colegiado acatou 14 Projetos de Lei Ordin\u00e1ria (PLO), dois Projetos de Decreto Legislativo (PDL) e uma Medida Provis\u00f3ria (MP), na reuni\u00e3o desta segunda-feira (2). Um PLO foi retirado de pauta e outro recebeu pedido de vista.<\/p>\n<p align=\"justify\">O PLO\u00a0<u><a href=\"https:\/\/sapl.joaopessoa.pb.leg.br\/media\/sapl\/public\/materialegislativa\/2025\/182527\/plo_marcos_vinicius_estatuto_da_promocao_e_igualdade_racial.pdf\" target=\"_blank\" rel=\"noopener\" data-saferedirecturl=\"https:\/\/www.google.com\/url?q=https:\/\/sapl.joaopessoa.pb.leg.br\/media\/sapl\/public\/materialegislativa\/2025\/182527\/plo_marcos_vinicius_estatuto_da_promocao_e_igualdade_racial.pdf&amp;source=gmail&amp;ust=1749558464207000&amp;usg=AOvVaw3R3hTJZcw9D4CnuB8c8alA\">68\/2025<\/a><\/u>, de autoria do vereador Marcos Vin\u00edcius (PDT), acatado, cria o Estatuto Municipal da Igualdade Racial, que visa \u00e0 efetiva\u00e7\u00e3o da igualdade de oportunidades, a defesa dos direitos individuais, coletivos e difusos, al\u00e9m da supera\u00e7\u00e3o e do combate \u00e0 discrimina\u00e7\u00e3o e \u00e0s desigualdades raciais que atingem a popula\u00e7\u00e3o afro-brasileira, incluindo a dimens\u00e3o racial nas pol\u00edticas p\u00fablicas. O estatuto \u00e9 uma ferramenta importante para combater a discrimina\u00e7\u00e3o racial e outras formas de intoler\u00e2ncia, promovendo uma sociedade mais justa e igualit\u00e1ria. A mat\u00e9ria foi debatida em plen\u00e1rio, no \u00e2mbito da CCJ, em\u00a0<u><a href=\"https:\/\/joaopessoa.pb.leg.br\/cmjp-debate-projeto-que-institui-estatuto-de-igualdade-racial\/\" target=\"_blank\" rel=\"noopener\" data-saferedirecturl=\"https:\/\/www.google.com\/url?q=https:\/\/joaopessoa.pb.leg.br\/cmjp-debate-projeto-que-institui-estatuto-de-igualdade-racial\/&amp;source=gmail&amp;ust=1749558464207000&amp;usg=AOvVaw3p2J_vGzZxAd7ILaOudv6H\">audi\u00eancia p\u00fablica<\/a><\/u>, durante a qual representantes de diversos movimentos sociais organizados apresentaram suas impress\u00f5es sobre o tema.<\/p>\n<p align=\"justify\">Entre os projetos de autoria dos vereadores, tamb\u00e9m foram destaque os seguintes: o PLO\u00a0<u><a href=\"https:\/\/sapl.joaopessoa.pb.leg.br\/materia\/pesquisar-materia?tipo=1&amp;ementa=&amp;numero=2394&amp;numeracao__numero_materia=&amp;numero_protocolo=&amp;ano=2024&amp;autoria__autor=&amp;autoria__primeiro_autor=unknown&amp;autoria__autor__tipo=&amp;autoria__autor__parlamentar_set__filiacao__partido=&amp;o=&amp;tipo_listagem=1&amp;tipo_origem_e\" target=\"_blank\" rel=\"noopener\" data-saferedirecturl=\"https:\/\/www.google.com\/url?q=https:\/\/sapl.joaopessoa.pb.leg.br\/materia\/pesquisar-materia?tipo%3D1%26ementa%3D%26numero%3D2394%26numeracao__numero_materia%3D%26numero_protocolo%3D%26ano%3D2024%26autoria__autor%3D%26autoria__primeiro_autor%3Dunknown%26autoria__autor__tipo%3D%26autoria__autor__parlamentar_set__filiacao__partido%3D%26o%3D%26tipo_listagem%3D1%26tipo_origem_e&amp;source=gmail&amp;ust=1749558464207000&amp;usg=AOvVaw2eijrdzVqs8feZBlv_ATIJ\">2.394\/2024<\/a><\/u>, do vereador licenciado Marc\u00edlio do HBE (Republicanos), autorizando a integra\u00e7\u00e3o do sistema de monitoramento de seguran\u00e7a eletr\u00f4nica de condom\u00ednios residenciais, comerciais ou misto de Jo\u00e3o Pessoa \u00e0 Central de Monitoramento Eletr\u00f4nica Municipal, mediante termo de coopera\u00e7\u00e3o assinado entre o representante do condom\u00ednio e a Secretaria de Seguran\u00e7a Urbana e Cidadania de Jo\u00e3o Pessoa; o PLO\u00a0<u><a href=\"https:\/\/sapl.joaopessoa.pb.leg.br\/materia\/pesquisar-materia?tipo=1&amp;ementa=&amp;numero=116&amp;numeracao__numero_materia=&amp;numero_protocolo=&amp;ano=2025&amp;autoria__autor=&amp;autoria__primeiro_autor=unknown&amp;autoria__autor__tipo=&amp;autoria__autor__parlamentar_set__filiacao__partido=&amp;o=&amp;tipo_listagem=1&amp;tipo_origem_externa=&amp;numero_origem_externa=&amp;ano_origem_externa=&amp;data_origem_externa_0=&amp;data_origem_externa_1=&amp;local_origem_externa=&amp;data_apresentacao_0=&amp;data_apresentacao_1=&amp;data_publicacao_0=&amp;data_publicacao_1=&amp;relatoria__parlamentar_id=&amp;em_tramitacao=&amp;tramitacao__unidade_tramitacao_destino=&amp;tramitacao__status=&amp;materiaassunto__assunto=&amp;indexacao=&amp;regime_tramitacao=&amp;salvar=Pesquisar\" target=\"_blank\" rel=\"noopener\" data-saferedirecturl=\"https:\/\/www.google.com\/url?q=https:\/\/sapl.joaopessoa.pb.leg.br\/materia\/pesquisar-materia?tipo%3D1%26ementa%3D%26numero%3D116%26numeracao__numero_materia%3D%26numero_protocolo%3D%26ano%3D2025%26autoria__autor%3D%26autoria__primeiro_autor%3Dunknown%26autoria__autor__tipo%3D%26autoria__autor__parlamentar_set__filiacao__partido%3D%26o%3D%26tipo_listagem%3D1%26tipo_origem_externa%3D%26numero_origem_externa%3D%26ano_origem_externa%3D%26data_origem_externa_0%3D%26data_origem_externa_1%3D%26local_origem_externa%3D%26data_apresentacao_0%3D%26data_apresentacao_1%3D%26data_publicacao_0%3D%26data_publicacao_1%3D%26relatoria__parlamentar_id%3D%26em_tramitacao%3D%26tramitacao__unidade_tramitacao_destino%3D%26tramitacao__status%3D%26materiaassunto__assunto%3D%26indexacao%3D%26regime_tramitacao%3D%26salvar%3DPesquisar&amp;source=gmail&amp;ust=1749558464207000&amp;usg=AOvVaw3E6TNdHaN4buI7WBSio-Ss\">116\/2025<\/a><\/u>, de Marcos Henriques (PT), determinando que sem\u00e1foros luminosos instalados em locais onde haja faixas de pedestres devem permanecer abertos em tempo suficiente para garantir a travessia segura dos usu\u00e1rios; e o PLO\u00a0<u><a href=\"https:\/\/sapl.joaopessoa.pb.leg.br\/materia\/pesquisar-materia?tipo=1&amp;ementa=&amp;numero=203&amp;numeracao__numero_materia=&amp;numero_protocolo=&amp;ano=2025&amp;autoria__a\" target=\"_blank\" rel=\"noopener\" data-saferedirecturl=\"https:\/\/www.google.com\/url?q=https:\/\/sapl.joaopessoa.pb.leg.br\/materia\/pesquisar-materia?tipo%3D1%26ementa%3D%26numero%3D203%26numeracao__numero_materia%3D%26numero_protocolo%3D%26ano%3D2025%26autoria__a&amp;source=gmail&amp;ust=1749558464207000&amp;usg=AOvVaw0B5B9ZTrzJsRYyECns-x64\">203\/2025<\/a><\/u>, de F\u00e1bio Lopes (PL), incluindo a disciplina de Empreendedorismo no curr\u00edculo do ensino fundamental das escolas municipais de Jo\u00e3o Pessoa.<\/p>\n<p align=\"justify\">Tr\u00eas mat\u00e9rias do Executivo Municipal tiveram pareceres favor\u00e1veis aprovados. A Medida Provis\u00f3ria (MP)\u00a0<u><a href=\"https:\/\/sapl.joaopessoa.pb.leg.br\/materia\/pesquisar-materia?tipo=16&amp;ementa=&amp;numero=67&amp;numeracao__numero_materia=&amp;numero_protocolo=&amp;ano=2025&amp;autoria__autor=&amp;autoria__primeiro_autor=unknown&amp;autoria__autor__tipo=&amp;autoria__autor__parlamentar_set__filiacao__partido=&amp;o=&amp;tipo_listagem=1&amp;tipo_origem_externa=&amp;numero_origem_externa=&amp;ano_origem_externa=&amp;data_origem_externa_0=&amp;data_origem_externa_1=&amp;local_origem_externa=&amp;data_apresentacao_0=&amp;data_apresentacao_1=&amp;data_publicacao_0=&amp;data_publicacao_1=&amp;relatoria__parlamentar_id=&amp;em_tramitacao=&amp;tramitacao__unidade_tramitacao_destino=&amp;tramitacao__status=&amp;materiaassunto__assunto=&amp;indexacao=&amp;regime_tramitacao=&amp;salvar=Pesquisar\" target=\"_blank\" rel=\"noopener\" data-saferedirecturl=\"https:\/\/www.google.com\/url?q=https:\/\/sapl.joaopessoa.pb.leg.br\/materia\/pesquisar-materia?tipo%3D16%26ementa%3D%26numero%3D67%26numeracao__numero_materia%3D%26numero_protocolo%3D%26ano%3D2025%26autoria__autor%3D%26autoria__primeiro_autor%3Dunknown%26autoria__autor__tipo%3D%26autoria__autor__parlamentar_set__filiacao__partido%3D%26o%3D%26tipo_listagem%3D1%26tipo_origem_externa%3D%26numero_origem_externa%3D%26ano_origem_externa%3D%26data_origem_externa_0%3D%26data_origem_externa_1%3D%26local_origem_externa%3D%26data_apresentacao_0%3D%26data_apresentacao_1%3D%26data_publicacao_0%3D%26data_publicacao_1%3D%26relatoria__parlamentar_id%3D%26em_tramitacao%3D%26tramitacao__unidade_tramitacao_destino%3D%26tramitacao__status%3D%26materiaassunto__assunto%3D%26indexacao%3D%26regime_tramitacao%3D%26salvar%3DPesquisar&amp;source=gmail&amp;ust=1749558464207000&amp;usg=AOvVaw2AMJdlLvCIgmpV7Htt1eXD\">67\/2025<\/a><\/u>\u00a0altera a Lei 15.104\/2024, que disp\u00f5e sobre a cria\u00e7\u00e3o e estrutura\u00e7\u00e3o de cargos vinculados \u00e0 Unidade Gestora dos Programas de Mobilidade e Desenvolvimento Urbano Integrado e Sustent\u00e1vel do Munic\u00edpio de Jo\u00e3o Pessoa (UGP), incluindo dois novos cargos. O PLO\u00a0<u><a href=\"https:\/\/sapl.joaopessoa.pb.leg.br\/materia\/pesquisar-materia?tipo=1&amp;ementa=&amp;numero=2116&amp;numeracao__numero_materia=&amp;numero_protocolo=&amp;ano=2024&amp;autoria__autor=&amp;autoria__primeiro_autor=unknown&amp;autoria__au\" target=\"_blank\" rel=\"noopener\" data-saferedirecturl=\"https:\/\/www.google.com\/url?q=https:\/\/sapl.joaopessoa.pb.leg.br\/materia\/pesquisar-materia?tipo%3D1%26ementa%3D%26numero%3D2116%26numeracao__numero_materia%3D%26numero_protocolo%3D%26ano%3D2024%26autoria__autor%3D%26autoria__primeiro_autor%3Dunknown%26autoria__au&amp;source=gmail&amp;ust=1749558464207000&amp;usg=AOvVaw1zwjV949TUlDCnM-k4w65x\">2.116\/2024<\/a><\/u>\u00a0regulamenta o exerc\u00edcio do Direito de Preemp\u00e7\u00e3o, que confere ao Poder P\u00fablico Municipal a prefer\u00eancia na aquisi\u00e7\u00e3o de im\u00f3vel urbano objeto de aliena\u00e7\u00e3o onerosa entre particulares. Esse direito ser\u00e1 exercido sempre que o Munic\u00edpio necessitar de \u00e1reas para: regulariza\u00e7\u00e3o fundi\u00e1ria; execu\u00e7\u00e3o de programas e projetos habitacionais populares e de interesse social; constitui\u00e7\u00e3o de reserva fundi\u00e1ria; ordenamento e direcionamento da expans\u00e3o urbana; implanta\u00e7\u00e3o de equipamentos urbanos e comunit\u00e1rios; cria\u00e7\u00e3o de espa\u00e7os p\u00fablicos de lazer e \u00e1reas verdes; cria\u00e7\u00e3o de unidades de conserva\u00e7\u00e3o ou prote\u00e7\u00e3o de \u00e1reas de interesse ambiental; e prote\u00e7\u00e3o de \u00e1reas de interesse hist\u00f3rico, cultural ou paisag\u00edstico. O PLO\u00a0<u><a href=\"https:\/\/sapl.joaopessoa.pb.leg.br\/materia\/pesquisar-materia?tipo=1&amp;ementa=&amp;numero=249&amp;numeracao__numero_materia=&amp;numero_protocolo=&amp;ano=2025&amp;autoria__autor=&amp;autoria__primeiro_autor\" target=\"_blank\" rel=\"noopener\" data-saferedirecturl=\"https:\/\/www.google.com\/url?q=https:\/\/sapl.joaopessoa.pb.leg.br\/materia\/pesquisar-materia?tipo%3D1%26ementa%3D%26numero%3D249%26numeracao__numero_materia%3D%26numero_protocolo%3D%26ano%3D2025%26autoria__autor%3D%26autoria__primeiro_autor&amp;source=gmail&amp;ust=1749558464207000&amp;usg=AOvVaw3N827wJBtnyQFCN1vu0UFM\">249\/2025<\/a><\/u> promove a desafeta\u00e7\u00e3o de \u00e1rea p\u00fablica na lateral da Unidade de Sa\u00fade da Fam\u00edlia Eucaliptos, no Jardim Cidade Universit\u00e1ria.<\/p>\n<p align=\"justify\">Ainda receberam parecer favor\u00e1vel dois Projetos de Decreto Legislativo (PDL) com a outorga do T\u00edtulo de Cidad\u00e3o Pessoense: o\u00a0<u><a href=\"https:\/\/sapl.joaopessoa.pb.leg.br\/materia\/pesquisar-materia?tipo=6&amp;ementa=&amp;numero=25&amp;numeracao__numero_materia=&amp;numero_protocolo=&amp;ano=2025&amp;autoria__autor=&amp;autoria__primeiro_autor=unknown&amp;autoria__autor__tipo=&amp;autoria__autor__parlamentar_set__filiacao__partido=&amp;o=&amp;tipo_listagem=1&amp;tipo_origem_externa=&amp;numero_origem_externa=&amp;ano_origem_externa=&amp;data_origem_externa_0=&amp;data_origem_externa_1=&amp;local_origem_externa=&amp;data_apresentacao_0=&amp;data_apresentacao_1=&amp;data_publicacao_0=&amp;data_publicacao_1=&amp;relatoria__parlamentar_id=&amp;em_tramitacao=&amp;tramitacao__unidade_tramitacao_destino=&amp;tramitacao__status=&amp;materiaassunto__assunto=&amp;indexacao=&amp;regime_tramitacao=&amp;salvar=Pesquisar\" target=\"_blank\" rel=\"noopener\" data-saferedirecturl=\"https:\/\/www.google.com\/url?q=https:\/\/sapl.joaopessoa.pb.leg.br\/materia\/pesquisar-materia?tipo%3D6%26ementa%3D%26numero%3D25%26numeracao__numero_materia%3D%26numero_protocolo%3D%26ano%3D2025%26autoria__autor%3D%26autoria__primeiro_autor%3Dunknown%26autoria__autor__tipo%3D%26autoria__autor__parlamentar_set__filiacao__partido%3D%26o%3D%26tipo_listagem%3D1%26tipo_origem_externa%3D%26numero_origem_externa%3D%26ano_origem_externa%3D%26data_origem_externa_0%3D%26data_origem_externa_1%3D%26local_origem_externa%3D%26data_apresentacao_0%3D%26data_apresentacao_1%3D%26data_publicacao_0%3D%26data_publicacao_1%3D%26relatoria__parlamentar_id%3D%26em_tramitacao%3D%26tramitacao__unidade_tramitacao_destino%3D%26tramitacao__status%3D%26materiaassunto__assunto%3D%26indexacao%3D%26regime_tramitacao%3D%26salvar%3DPesquisar&amp;source=gmail&amp;ust=1749558464207000&amp;usg=AOvVaw2Nlgtn5l00SwbEkbQzxUCn\">25\/2025<\/a><\/u>, do vereador Raoni Mendes (DC), \u00e0 presidente do Sindicato dos Guardas Municipais do Estado da Para\u00edba (SINDGM); e o\u00a0<u><a href=\"https:\/\/sapl.joaopessoa.pb.leg.br\/materia\/pesquisar-materia?tipo=6&amp;ementa=&amp;numero=45&amp;numeracao__numero_materia=&amp;numero_protocolo=&amp;ano=2025&amp;autoria__autor=&amp;autoria__primeiro_autor=unknown&amp;autoria__autor__tipo=&amp;autoria__autor__parlamentar_set__filiacao__partido=&amp;o=&amp;tipo_listagem=1&amp;tipo_origem_externa=&amp;numero_origem_externa=&amp;ano_origem_externa=&amp;data_origem_externa_0=&amp;data_origem_externa_1=&amp;local_origem_externa=&amp;data_apresentacao_0=&amp;data_apresentacao_1=&amp;data_publicacao_0=&amp;data_publicacao_1=&amp;relatoria__parlamentar_id=&amp;em_tramitacao=&amp;tramitacao__unidade_tramitacao_destino=&amp;tramitacao__status=&amp;materiaassunto__assunto=&amp;indexacao=&amp;regime_tramitacao=&amp;salvar=Pesquisar\" target=\"_blank\" rel=\"noopener\" data-saferedirecturl=\"https:\/\/www.google.com\/url?q=https:\/\/sapl.joaopessoa.pb.leg.br\/materia\/pesquisar-materia?tipo%3D6%26ementa%3D%26numero%3D45%26numeracao__numero_materia%3D%26numero_protocolo%3D%26ano%3D2025%26autoria__autor%3D%26autoria__primeiro_autor%3Dunknown%26autoria__autor__tipo%3D%26autoria__autor__parlamentar_set__filiacao__partido%3D%26o%3D%26tipo_listagem%3D1%26tipo_origem_externa%3D%26numero_origem_externa%3D%26ano_origem_externa%3D%26data_origem_externa_0%3D%26data_origem_externa_1%3D%26local_origem_externa%3D%26data_apresentacao_0%3D%26data_apresentacao_1%3D%26data_publicacao_0%3D%26data_publicacao_1%3D%26relatoria__parlamentar_id%3D%26em_tramitacao%3D%26tramitacao__unidade_tramitacao_destino%3D%26tramitacao__status%3D%26materiaassunto__assunto%3D%26indexacao%3D%26regime_tramitacao%3D%26salvar%3DPesquisar&amp;source=gmail&amp;ust=1749558464207000&amp;usg=AOvVaw3FYZO8OkCfaFhr-T4mei5L\">45\/2025<\/a><\/u>, de Jo\u00e3o Corujinha (PP), ao Coronel Adelacir do Nascimento Monteiro.<\/p>\n<p align=\"justify\">CMJP<\/p>\n","protected":false},"excerpt":{"rendered":"<p>A Comiss\u00e3o de Constitui\u00e7\u00e3o, Justi\u00e7a, Reda\u00e7\u00e3o e Legisla\u00e7\u00e3o Participativa (CCJ), da C\u00e2mara Municipal de Jo\u00e3o Pessoa (CMJP), aprovou o parecer favor\u00e1vel ao Estatuto Municipal da Promo\u00e7\u00e3o Racial. O colegiado acatou 14 Projetos de Lei Ordin\u00e1ria (PLO), dois Projetos de Decreto Legislativo (PDL) e uma Medida Provis\u00f3ria (MP), na reuni\u00e3o desta segunda-feira (2). Um PLO foi &hellip;<\/p>\n","protected":false},"author":1,"featured_media":98182,"comment_status":"open","ping_status":"open","sticky":false,"template":"","format":"standard","meta":{"footnotes":""},"categories":[18],"tags":[],"class_list":["post-135102","post","type-post","status-publish","format-standard","has-post-thumbnail","hentry","category-brasil"],"_links":{"self":[{"href":"https:\/\/iparaiba.com.br\/index.php\/wp-json\/wp\/v2\/posts\/135102","targetHints":{"allow":["GET"]}}],"collection":[{"href":"https:\/\/iparaiba.com.br\/index.php\/wp-json\/wp\/v2\/posts"}],"about":[{"href":"https:\/\/iparaiba.com.br\/index.php\/wp-json\/wp\/v2\/types\/post"}],"author":[{"embeddable":true,"href":"https:\/\/iparaiba.com.br\/index.php\/wp-json\/wp\/v2\/users\/1"}],"replies":[{"embeddable":true,"href":"https:\/\/iparaiba.com.br\/index.php\/wp-json\/wp\/v2\/comments?post=135102"}],"version-history":[{"count":1,"href":"https:\/\/iparaiba.com.br\/index.php\/wp-json\/wp\/v2\/posts\/135102\/revisions"}],"predecessor-version":[{"id":135131,"href":"https:\/\/iparaiba.com.br\/index.php\/wp-json\/wp\/v2\/posts\/135102\/revisions\/135131"}],"wp:featuredmedia":[{"embeddable":true,"href":"https:\/\/iparaiba.com.br\/index.php\/wp-json\/wp\/v2\/media\/98182"}],"wp:attachment":[{"href":"https:\/\/iparaiba.com.br\/index.php\/wp-json\/wp\/v2\/media?parent=135102"}],"wp:term":[{"taxonomy":"category","embeddable":true,"href":"https:\/\/iparaiba.com.br\/index.php\/wp-json\/wp\/v2\/categories?post=135102"},{"taxonomy":"post_tag","embeddable":true,"href":"https:\/\/iparaiba.com.br\/index.php\/wp-json\/wp\/v2\/tags?post=135102"}],"curies":[{"name":"wp","href":"https:\/\/api.w.org\/{rel}","templated":true}]}}