{"id":135101,"date":"2025-06-10T10:00:40","date_gmt":"2025-06-10T13:00:40","guid":{"rendered":"https:\/\/onordeste.com.br\/?p=135095"},"modified":"2025-06-10T10:00:40","modified_gmt":"2025-06-10T13:00:40","slug":"politicas-publicas-contra-o-abuso-e-exploracao-sexual-de-criancas-e-adolescentes","status":"publish","type":"post","link":"https:\/\/iparaiba.com.br\/index.php\/2025\/06\/10\/politicas-publicas-contra-o-abuso-e-exploracao-sexual-de-criancas-e-adolescentes\/","title":{"rendered":"Pol\u00edticas p\u00fablicas contra o Abuso e Explora\u00e7\u00e3o Sexual de crian\u00e7as e adolescentes"},"content":{"rendered":"<p style=\"font-weight: 400;\">Recentemente, dados divulgados pelo Minist\u00e9rio dos Direitos Humanos e da Cidadania (MDH), apontam que nos \u00faltimos 4 anos, o Brasil registrou aumento nos casos de abuso sexual contra crian\u00e7as e adolescentes. Foram 31.303 casos (2023) e 36.792 (2024). E at\u00e9 maio deste ano, j\u00e1 foram mais de 12 mil. O mais grave \u00e9 que a maior parte desse tipo de viol\u00eancia, cerca de 80%, ocorre dentro de casa. Uma realidade acompanhada atentamente pelas equipes da Prefeitura de Campina Grande, por meio de v\u00e1rios servi\u00e7os ligados \u00e0 Secretaria de Assist\u00eancia Social (Semas).<\/p>\n<p style=\"font-weight: 400;\">Um trabalho que se inicia com o programa Crian\u00e7a Feliz, ligado \u00e0 Ger\u00eancia da Crian\u00e7a e do Adolescente, que atua diretamente nos lares acompanhando crian\u00e7as de 0 a 6 anos e envolve 67 visitadoras em v\u00e1rios pontos da cidade, com orienta\u00e7\u00f5es e recomenda\u00e7\u00f5es, desde a gesta\u00e7\u00e3o das m\u00e3es, amamenta\u00e7\u00e3o dos beb\u00eas e primeira inf\u00e2ncia. Cada visitadora que se torna amiga da fam\u00edlia, ensina por exemplo como as crian\u00e7as devem ser tocadas pelos adultos. Para isso, eles utilizam a cartilha nacional: \u201cFa\u00e7a Bonito com a Crian\u00e7a Feliz\u201d, ligada \u00e0 campanha do Maio Laranja, que de forma l\u00fadica e did\u00e1tica, aborda o tema de abuso sexual para as crian\u00e7as.<\/p>\n<p style=\"font-weight: 400;\">Uma aten\u00e7\u00e3o especial, que envolve tamb\u00e9m outros servi\u00e7os coordenados pela pasta a exemplo das quatro Casas da Esperan\u00e7a que acolhem crian\u00e7as e adolescentes, dos 0 aos 18 anos incompletos para ado\u00e7\u00e3o. As unidades recebem um p\u00fablico que enfrenta duras realidades dos mais variados tipos de viol\u00eancia, seja ela psicol\u00f3gica ou f\u00edsica, como o pr\u00f3prio abuso e explora\u00e7\u00e3o sexual.<\/p>\n<p style=\"font-weight: 400;\">&#8220;Acolhemos essas crian\u00e7as e adolescentes atrav\u00e9s do Conselho Tutelar e da Vara da Inf\u00e2ncia e Juventude, e a equipe t\u00e9cnica faz todo o acompanhamento necess\u00e1rio com psic\u00f3logos na casa e tamb\u00e9m particular. Os traumas s\u00e3o tratados de forma sens\u00edvel e causam um trabalho de preven\u00e7\u00e3o, para que eles consigam lidar melhor com as situa\u00e7\u00f5es e estejam bem ao serem impostas pelas novas fam\u00edlias&#8221;, ponderou a diretora de Prote\u00e7\u00e3o Especial de M\u00e9dia e Alta Complexidade, Ana Cleide Rotondano.<\/p>\n<p style=\"font-weight: 400;\">Outros servi\u00e7os que est\u00e3o na linha de frente atrav\u00e9s da Semas, s\u00e3o as tr\u00eas unidades dos Centros de Refer\u00eancia em Assist\u00eancia Social (Creas), que tamb\u00e9m atuam com adolescentes que cumprem medidas socioeducativas. Um trabalho que segue em outros setores, como o Servi\u00e7o de Conviv\u00eancia e Fortalecimento de V\u00ednculos (SCFV), que funciona dentro dos Centros de Refer\u00eancia em Assist\u00eancia Social (Cras) e no Programa de Abordagem Social para Crian\u00e7as e Adolescentes em Situa\u00e7\u00e3o de Rua (Ruanda), atrav\u00e9s de orienta\u00e7\u00f5es, palestras e atividades sobre o tema.<\/p>\n","protected":false},"excerpt":{"rendered":"<p>Recentemente, dados divulgados pelo Minist\u00e9rio dos Direitos Humanos e da Cidadania (MDH), apontam que nos \u00faltimos 4 anos, o Brasil registrou aumento nos casos de abuso sexual contra crian\u00e7as e adolescentes. Foram 31.303 casos (2023) e 36.792 (2024). E at\u00e9 maio deste ano, j\u00e1 foram mais de 12 mil. O mais grave \u00e9 que a &hellip;<\/p>\n","protected":false},"author":1,"featured_media":109440,"comment_status":"open","ping_status":"open","sticky":false,"template":"","format":"standard","meta":{"footnotes":""},"categories":[6],"tags":[],"class_list":["post-135101","post","type-post","status-publish","format-standard","has-post-thumbnail","hentry","category-destaques"],"_links":{"self":[{"href":"https:\/\/iparaiba.com.br\/index.php\/wp-json\/wp\/v2\/posts\/135101","targetHints":{"allow":["GET"]}}],"collection":[{"href":"https:\/\/iparaiba.com.br\/index.php\/wp-json\/wp\/v2\/posts"}],"about":[{"href":"https:\/\/iparaiba.com.br\/index.php\/wp-json\/wp\/v2\/types\/post"}],"author":[{"embeddable":true,"href":"https:\/\/iparaiba.com.br\/index.php\/wp-json\/wp\/v2\/users\/1"}],"replies":[{"embeddable":true,"href":"https:\/\/iparaiba.com.br\/index.php\/wp-json\/wp\/v2\/comments?post=135101"}],"version-history":[{"count":1,"href":"https:\/\/iparaiba.com.br\/index.php\/wp-json\/wp\/v2\/posts\/135101\/revisions"}],"predecessor-version":[{"id":135130,"href":"https:\/\/iparaiba.com.br\/index.php\/wp-json\/wp\/v2\/posts\/135101\/revisions\/135130"}],"wp:featuredmedia":[{"embeddable":true,"href":"https:\/\/iparaiba.com.br\/index.php\/wp-json\/wp\/v2\/media\/109440"}],"wp:attachment":[{"href":"https:\/\/iparaiba.com.br\/index.php\/wp-json\/wp\/v2\/media?parent=135101"}],"wp:term":[{"taxonomy":"category","embeddable":true,"href":"https:\/\/iparaiba.com.br\/index.php\/wp-json\/wp\/v2\/categories?post=135101"},{"taxonomy":"post_tag","embeddable":true,"href":"https:\/\/iparaiba.com.br\/index.php\/wp-json\/wp\/v2\/tags?post=135101"}],"curies":[{"name":"wp","href":"https:\/\/api.w.org\/{rel}","templated":true}]}}