{"id":135100,"date":"2025-06-10T08:00:19","date_gmt":"2025-06-10T11:00:19","guid":{"rendered":"https:\/\/onordeste.com.br\/?p=135093"},"modified":"2025-06-10T08:00:19","modified_gmt":"2025-06-10T11:00:19","slug":"instituido-grupo-de-trabalho-para-atualizar-as-regras-de-indicacao-de-advogados-a-tribunais","status":"publish","type":"post","link":"https:\/\/iparaiba.com.br\/index.php\/2025\/06\/10\/instituido-grupo-de-trabalho-para-atualizar-as-regras-de-indicacao-de-advogados-a-tribunais\/","title":{"rendered":"Instituido grupo de trabalho para atualizar as regras de indica\u00e7\u00e3o de advogados a tribunais"},"content":{"rendered":"<p>Com o objetivo de atualizar as normas que regem a participa\u00e7\u00e3o da advocacia na composi\u00e7\u00e3o de tribunais judiciais e administrativos, a OAB Nacional instituiu, por meio da\u00a0<a href=\"https:\/\/s.oab.org.br\/arquivos\/2025\/06\/915d2218-87e2-426f-811d-b33b2b7eb687.pdf\">Portaria 805\/2025<\/a>, um grupo de trabalho para revisar o Provimento 102\/2004, que trata da forma\u00e7\u00e3o da lista s\u00eaxtupla para essas indica\u00e7\u00f5es. A medida busca promover maior transpar\u00eancia, representatividade e efetividade nesse processo.<\/p>\n<p>&#8220;N\u00f3s j\u00e1 avan\u00e7amos muito e demos exemplo em rela\u00e7\u00e3o \u00e0 paridade de g\u00eanero e inclus\u00e3o racial. Agora \u00e9 hora de ampliarmos esse debate. \u00c9 hora de n\u00f3s, por meio de uma legisla\u00e7\u00e3o moderna e madura, reservarmos as vagas do quinto a quem efetivamente as merece: advogados atuantes, que se dedicam exclusivamente \u00e0 advocacia&#8221;, disse o presidente nacional da OAB, Beto Simonetti, durante sess\u00e3o do Conselho Pleno da Ordem, em Goi\u00e2nia (GO), na \u00faltima segunda-feira (26\/5).<\/p>\n<p>Na ocasi\u00e3o, a conselheira federal Patr\u00edcia Vanzolini (SP), que construiu a proposta junto ao presidente Beto Simonetti, falou da relev\u00e2ncia do momento para discutir a ado\u00e7\u00e3o de crit\u00e9rios de equidade. \u201cO Sistema est\u00e1 maduro neste momento para debater a aplicabilidade desse procedimento para as listas federais. Ent\u00e3o, o presidente me pediu que ofici\u00e1ssemos o Conselho Federal, propondo a cria\u00e7\u00e3o de um grupo de trabalho.&#8221;<\/p>\n<p>O grupo ter\u00e1 30 dias para apresentar uma proposta de reformula\u00e7\u00e3o ao plen\u00e1rio do Conselho Federal da OAB. A inten\u00e7\u00e3o \u00e9 modernizar o texto normativo diante das transforma\u00e7\u00f5es institucionais e das demandas atuais da classe, promovendo um debate t\u00e9cnico e plural sobre os crit\u00e9rios e procedimentos para a composi\u00e7\u00e3o das listas.<\/p>\n","protected":false},"excerpt":{"rendered":"<p>Com o objetivo de atualizar as normas que regem a participa\u00e7\u00e3o da advocacia na composi\u00e7\u00e3o de tribunais judiciais e administrativos, a OAB Nacional instituiu, por meio da\u00a0Portaria 805\/2025, um grupo de trabalho para revisar o Provimento 102\/2004, que trata da forma\u00e7\u00e3o da lista s\u00eaxtupla para essas indica\u00e7\u00f5es. A medida busca promover maior transpar\u00eancia, representatividade e &hellip;<\/p>\n","protected":false},"author":1,"featured_media":108081,"comment_status":"open","ping_status":"open","sticky":false,"template":"","format":"standard","meta":{"footnotes":""},"categories":[9],"tags":[],"class_list":["post-135100","post","type-post","status-publish","format-standard","has-post-thumbnail","hentry","category-justica"],"_links":{"self":[{"href":"https:\/\/iparaiba.com.br\/index.php\/wp-json\/wp\/v2\/posts\/135100","targetHints":{"allow":["GET"]}}],"collection":[{"href":"https:\/\/iparaiba.com.br\/index.php\/wp-json\/wp\/v2\/posts"}],"about":[{"href":"https:\/\/iparaiba.com.br\/index.php\/wp-json\/wp\/v2\/types\/post"}],"author":[{"embeddable":true,"href":"https:\/\/iparaiba.com.br\/index.php\/wp-json\/wp\/v2\/users\/1"}],"replies":[{"embeddable":true,"href":"https:\/\/iparaiba.com.br\/index.php\/wp-json\/wp\/v2\/comments?post=135100"}],"version-history":[{"count":1,"href":"https:\/\/iparaiba.com.br\/index.php\/wp-json\/wp\/v2\/posts\/135100\/revisions"}],"predecessor-version":[{"id":135129,"href":"https:\/\/iparaiba.com.br\/index.php\/wp-json\/wp\/v2\/posts\/135100\/revisions\/135129"}],"wp:featuredmedia":[{"embeddable":true,"href":"https:\/\/iparaiba.com.br\/index.php\/wp-json\/wp\/v2\/media\/108081"}],"wp:attachment":[{"href":"https:\/\/iparaiba.com.br\/index.php\/wp-json\/wp\/v2\/media?parent=135100"}],"wp:term":[{"taxonomy":"category","embeddable":true,"href":"https:\/\/iparaiba.com.br\/index.php\/wp-json\/wp\/v2\/categories?post=135100"},{"taxonomy":"post_tag","embeddable":true,"href":"https:\/\/iparaiba.com.br\/index.php\/wp-json\/wp\/v2\/tags?post=135100"}],"curies":[{"name":"wp","href":"https:\/\/api.w.org\/{rel}","templated":true}]}}