{"id":135098,"date":"2025-06-09T19:00:14","date_gmt":"2025-06-09T22:00:14","guid":{"rendered":"https:\/\/onordeste.com.br\/?p=135089"},"modified":"2025-06-09T19:00:14","modified_gmt":"2025-06-09T22:00:14","slug":"oab-e-gdf-atuam-em-conjunto-para-solucionar-atrasos-no-pagamento-de-alvaras-judiciais","status":"publish","type":"post","link":"https:\/\/iparaiba.com.br\/index.php\/2025\/06\/09\/oab-e-gdf-atuam-em-conjunto-para-solucionar-atrasos-no-pagamento-de-alvaras-judiciais\/","title":{"rendered":"OAB e GDF atuam em conjunto para solucionar atrasos no pagamento de alvar\u00e1s judiciais"},"content":{"rendered":"<div>Diante dos reiterados relatos da advocacia paraibana e de jurisdicionados quanto aos atrasos significativos no pagamento de alvar\u00e1s judiciais expedidos pelo Tribunal de Justi\u00e7a do Estado da Para\u00edba (TJ-PB), atualmente processados pelo Banco de Bras\u00edlia (BRB), o Conselho Federal da OAB e o Governo do Distrito Federal (GDF) iniciaram, desde a semana passada, tratativas para a supera\u00e7\u00e3o do problema.<\/div>\n<div><\/div>\n<div>Na ter\u00e7a-feira (3\/6), o BRB comunicou um conjunto de medidas j\u00e1 adotadas, bem como a\u00e7\u00f5es em curso voltadas \u00e0 resolu\u00e7\u00e3o definitiva da situa\u00e7\u00e3o. Entre as provid\u00eancias est\u00e1 a implementa\u00e7\u00e3o de um novo sistema de pagamentos, que proporcionar\u00e1 maior agilidade e efetividade na libera\u00e7\u00e3o dos alvar\u00e1s judiciais destinados \u00e0 advocacia paraibana. O an\u00fancio foi feito durante reuni\u00e3o realizada no Pal\u00e1cio do Buriti, que contou com a presen\u00e7a do presidente em exerc\u00edcio da OAB Nacional, Felipe Sarmento; do presidente da OAB-PB, Harrison Targino; do presidente do BRB, Paulo Henrique Costa; e do governador do Distrito Federal, Ibaneis Rocha.<\/div>\n<div>\u201cO encontro com o governador e o presidente do BRB foi extremamente produtivo. Todas as pend\u00eancias relacionadas aos alvar\u00e1s destinados \u00e0 advocacia paraibana foram tratadas e solucionadas. As varas judiciais est\u00e3o em fase de treinamento para operar um sistema inovador e moderno do BRB, que j\u00e1 processou mais de um milh\u00e3o de alvar\u00e1s em todo o pa\u00eds. A Para\u00edba, agora, passa a integrar a linha de frente desse processo de moderniza\u00e7\u00e3o e efici\u00eancia\u201d, destacou Felipe Sarmento.<\/div>\n<div><\/div>\n<div>\u201c\u00c9 necess\u00e1rio reconhecer o respeito e a aten\u00e7\u00e3o constantes do governador \u00e0s demandas da advocacia. Como advogado, ele compreende a relev\u00e2ncia da nossa atua\u00e7\u00e3o e prontamente se disp\u00f4s a reunir todos os envolvidos para encontrar uma solu\u00e7\u00e3o efetiva\u201d, afirmou o presidente em exerc\u00edcio.<\/div>\n<div><\/div>\n<div>O presidente da OAB-PB, Harrison Targino, agradeceu ao presidente nacional da OAB, Beto Simonetti, ao governador Ibaneis Rocha e ao presidente em exerc\u00edcio, Felipe Sarmento, pelo empenho e coopera\u00e7\u00e3o institucional. \u201cO governador Ibaneis nunca se distanciou da advocacia, mantendo-se sens\u00edvel \u00e0s suas necessidades. Essa postura foi decisiva para o desfecho positivo da situa\u00e7\u00e3o\u201d, avaliou.<\/div>\n<div><\/div>\n<div><b>Mutir\u00e3o<\/b><\/div>\n<div>Durante o \u00faltimo fim de semana, foi realizada uma for\u00e7a-tarefa coordenada pelo Governo do Distrito Federal e pelo BRB, com o objetivo de regularizar os pagamentos em atraso. Segundo o governador Ibaneis Rocha, as varas do TJ-PB seguem em fase de treinamento para operar o novo sistema, que ser\u00e1 implementado de forma c\u00e9lere, garantindo maior efici\u00eancia para toda a advocacia paraibana.<\/div>\n<div><\/div>\n<div>A mobiliza\u00e7\u00e3o envolveu mais de 150 colaboradores e resultou na libera\u00e7\u00e3o de aproximadamente 4,5 mil ordens judiciais. O BRB informou que a maior parte dos alvar\u00e1s pendentes j\u00e1 foi quitada, restando apenas casos pontuais, relacionados a inconsist\u00eancias cadastrais ou diverg\u00eancias banc\u00e1rias. O banco tamb\u00e9m informou que os treinamentos internos para aperfei\u00e7oamento dos processos ser\u00e3o conclu\u00eddos at\u00e9 o final desta semana.<\/div>\n<div><\/div>\n<div>Tamb\u00e9m participaram da reuni\u00e3o o diretor de Planejamento Institucional da OAB-PB, Gustavo Moreira, e o diretor-executivo do BRB, Diogo Il\u00e1rio de Ara\u00fajo Oliveira.<\/div>\n<div>OAB<\/div>\n","protected":false},"excerpt":{"rendered":"<p>Diante dos reiterados relatos da advocacia paraibana e de jurisdicionados quanto aos atrasos significativos no pagamento de alvar\u00e1s judiciais expedidos pelo Tribunal de Justi\u00e7a do Estado da Para\u00edba (TJ-PB), atualmente processados pelo Banco de Bras\u00edlia (BRB), o Conselho Federal da OAB e o Governo do Distrito Federal (GDF) iniciaram, desde a semana passada, tratativas para &hellip;<\/p>\n","protected":false},"author":1,"featured_media":123227,"comment_status":"open","ping_status":"open","sticky":false,"template":"","format":"standard","meta":{"footnotes":""},"categories":[9],"tags":[],"class_list":["post-135098","post","type-post","status-publish","format-standard","has-post-thumbnail","hentry","category-justica"],"_links":{"self":[{"href":"https:\/\/iparaiba.com.br\/index.php\/wp-json\/wp\/v2\/posts\/135098","targetHints":{"allow":["GET"]}}],"collection":[{"href":"https:\/\/iparaiba.com.br\/index.php\/wp-json\/wp\/v2\/posts"}],"about":[{"href":"https:\/\/iparaiba.com.br\/index.php\/wp-json\/wp\/v2\/types\/post"}],"author":[{"embeddable":true,"href":"https:\/\/iparaiba.com.br\/index.php\/wp-json\/wp\/v2\/users\/1"}],"replies":[{"embeddable":true,"href":"https:\/\/iparaiba.com.br\/index.php\/wp-json\/wp\/v2\/comments?post=135098"}],"version-history":[{"count":1,"href":"https:\/\/iparaiba.com.br\/index.php\/wp-json\/wp\/v2\/posts\/135098\/revisions"}],"predecessor-version":[{"id":135127,"href":"https:\/\/iparaiba.com.br\/index.php\/wp-json\/wp\/v2\/posts\/135098\/revisions\/135127"}],"wp:featuredmedia":[{"embeddable":true,"href":"https:\/\/iparaiba.com.br\/index.php\/wp-json\/wp\/v2\/media\/123227"}],"wp:attachment":[{"href":"https:\/\/iparaiba.com.br\/index.php\/wp-json\/wp\/v2\/media?parent=135098"}],"wp:term":[{"taxonomy":"category","embeddable":true,"href":"https:\/\/iparaiba.com.br\/index.php\/wp-json\/wp\/v2\/categories?post=135098"},{"taxonomy":"post_tag","embeddable":true,"href":"https:\/\/iparaiba.com.br\/index.php\/wp-json\/wp\/v2\/tags?post=135098"}],"curies":[{"name":"wp","href":"https:\/\/api.w.org\/{rel}","templated":true}]}}