{"id":135097,"date":"2025-06-09T17:00:17","date_gmt":"2025-06-09T20:00:17","guid":{"rendered":"https:\/\/onordeste.com.br\/?p=135087"},"modified":"2025-06-09T17:00:17","modified_gmt":"2025-06-09T20:00:17","slug":"alpb-aprova-projeto-de-reestruturacao-da-policia-militar","status":"publish","type":"post","link":"https:\/\/iparaiba.com.br\/index.php\/2025\/06\/09\/alpb-aprova-projeto-de-reestruturacao-da-policia-militar\/","title":{"rendered":"ALPB aprova projeto de reestrutura\u00e7\u00e3o da Pol\u00edcia Militar"},"content":{"rendered":"<p>A Assembleia Legislativa da Para\u00edba (ALPB) aprovou por unanimidade, a atualiza\u00e7\u00e3o da estrutura da Pol\u00edcia Militar da Para\u00edba (PMPB), encaminhada ao Legislativo pelo Governo do Estado, atrav\u00e9s do Projeto de Lei Complementar (PLC) 42\/2025, que visa organizar, tamb\u00e9m de forma funcional, a corpora\u00e7\u00e3o.<\/p>\n<p>As altera\u00e7\u00f5es propostas na mat\u00e9ria tratam da implanta\u00e7\u00e3o de novos Comandos de Opera\u00e7\u00f5es de Choque, Policiamentos Especializados e Regionais IV; novos Batalh\u00f5es de Policiamento de Choque e de \u00e1reas, For\u00e7a T\u00e1tica, Grupamento de Opera\u00e7\u00f5es A\u00e9reas e Companhia Independente de Policiamento com C\u00e3es; al\u00e9m de Diretorias de Intelig\u00eancia, Contraintelig\u00eancia e Tecnologia e Inova\u00e7\u00e3o.<\/p>\n<p>O projeto determina ainda a cria\u00e7\u00e3o do Batalh\u00e3o Especializado no Policiamento Rodovi\u00e1rio para promover a seguran\u00e7a da malha rodovi\u00e1ria estadual e a ascens\u00e3o de diversas Companhias Independentes para o n\u00edvel de Batalh\u00e3o, refor\u00e7ando o policiamento em dezenas de cidades paraibanas, atendendo, desta forma, aos anseios da popula\u00e7\u00e3o paraibana.<\/p>\n","protected":false},"excerpt":{"rendered":"<p>A Assembleia Legislativa da Para\u00edba (ALPB) aprovou por unanimidade, a atualiza\u00e7\u00e3o da estrutura da Pol\u00edcia Militar da Para\u00edba (PMPB), encaminhada ao Legislativo pelo Governo do Estado, atrav\u00e9s do Projeto de Lei Complementar (PLC) 42\/2025, que visa organizar, tamb\u00e9m de forma funcional, a corpora\u00e7\u00e3o. As altera\u00e7\u00f5es propostas na mat\u00e9ria tratam da implanta\u00e7\u00e3o de novos Comandos de &hellip;<\/p>\n","protected":false},"author":1,"featured_media":116720,"comment_status":"open","ping_status":"open","sticky":false,"template":"","format":"standard","meta":{"footnotes":""},"categories":[13],"tags":[],"class_list":["post-135097","post","type-post","status-publish","format-standard","has-post-thumbnail","hentry","category-policial"],"_links":{"self":[{"href":"https:\/\/iparaiba.com.br\/index.php\/wp-json\/wp\/v2\/posts\/135097","targetHints":{"allow":["GET"]}}],"collection":[{"href":"https:\/\/iparaiba.com.br\/index.php\/wp-json\/wp\/v2\/posts"}],"about":[{"href":"https:\/\/iparaiba.com.br\/index.php\/wp-json\/wp\/v2\/types\/post"}],"author":[{"embeddable":true,"href":"https:\/\/iparaiba.com.br\/index.php\/wp-json\/wp\/v2\/users\/1"}],"replies":[{"embeddable":true,"href":"https:\/\/iparaiba.com.br\/index.php\/wp-json\/wp\/v2\/comments?post=135097"}],"version-history":[{"count":1,"href":"https:\/\/iparaiba.com.br\/index.php\/wp-json\/wp\/v2\/posts\/135097\/revisions"}],"predecessor-version":[{"id":135126,"href":"https:\/\/iparaiba.com.br\/index.php\/wp-json\/wp\/v2\/posts\/135097\/revisions\/135126"}],"wp:featuredmedia":[{"embeddable":true,"href":"https:\/\/iparaiba.com.br\/index.php\/wp-json\/wp\/v2\/media\/116720"}],"wp:attachment":[{"href":"https:\/\/iparaiba.com.br\/index.php\/wp-json\/wp\/v2\/media?parent=135097"}],"wp:term":[{"taxonomy":"category","embeddable":true,"href":"https:\/\/iparaiba.com.br\/index.php\/wp-json\/wp\/v2\/categories?post=135097"},{"taxonomy":"post_tag","embeddable":true,"href":"https:\/\/iparaiba.com.br\/index.php\/wp-json\/wp\/v2\/tags?post=135097"}],"curies":[{"name":"wp","href":"https:\/\/api.w.org\/{rel}","templated":true}]}}