{"id":135096,"date":"2025-06-09T15:00:40","date_gmt":"2025-06-09T18:00:40","guid":{"rendered":"https:\/\/onordeste.com.br\/?p=135085"},"modified":"2025-06-09T15:00:40","modified_gmt":"2025-06-09T18:00:40","slug":"cmjp-aprova-regulamentacao-de-sancoes-e-multas-por-descarte-irregular-de-residuos","status":"publish","type":"post","link":"https:\/\/iparaiba.com.br\/index.php\/2025\/06\/09\/cmjp-aprova-regulamentacao-de-sancoes-e-multas-por-descarte-irregular-de-residuos\/","title":{"rendered":"CMJP aprova regulamenta\u00e7\u00e3o de san\u00e7\u00f5es e multas por descarte irregular de res\u00edduos"},"content":{"rendered":"<p align=\"justify\">A C\u00e2mara Municipal de Jo\u00e3o Pessoa (CMJP) aprovou o projeto que regulamenta san\u00e7\u00f5es e multas nas a\u00e7\u00f5es de fiscaliza\u00e7\u00e3o do descarte de res\u00edduos. Os vereadores aprovaram 13 Projetos de Lei Ordin\u00e1ria (PLO), quatro Projetos de Decreto Legislativo (PDL) e uma Medida Provis\u00f3ria (MP), na vota\u00e7\u00e3o desta quinta-feira (5).<\/p>\n<p align=\"justify\">O PLO\u00a0<u><a href=\"https:\/\/sapl.joaopessoa.pb.leg.br\/materia\/pesquisar-materia?tipo=1&amp;ementa=&amp;numero=115&amp;numeracao__numero_materia=&amp;numero_protocolo=&amp;ano=2025&amp;autoria__autor=&amp;autoria__primeir\" target=\"_blank\" rel=\"noopener\" data-saferedirecturl=\"https:\/\/www.google.com\/url?q=https:\/\/sapl.joaopessoa.pb.leg.br\/materia\/pesquisar-materia?tipo%3D1%26ementa%3D%26numero%3D115%26numeracao__numero_materia%3D%26numero_protocolo%3D%26ano%3D2025%26autoria__autor%3D%26autoria__primeir&amp;source=gmail&amp;ust=1749558461124000&amp;usg=AOvVaw1e3Fc-FK7_lNsoPYX-HMxz\">115\/2025<\/a><\/u>, de Guguinha Moov Jampa (PSD), acrescenta par\u00e1grafos com san\u00e7\u00f5es e multas na Lei 15.214\/2024, que estabelece diretrizes para a\u00e7\u00f5es de fiscaliza\u00e7\u00e3o do descarte irregular de res\u00edduos. O art. 3\u00ba, da referida Lei, passa a vigorar acrescido da seguinte reda\u00e7\u00e3o: a multa prevista para descarte irregular de res\u00edduos fica entre o valor m\u00ednimo de 50 e m\u00e1ximo de mil UFIR-JP, a ser aplicado em conformidade com a gravidade e reincid\u00eancia da infra\u00e7\u00e3o, levando-se em considera\u00e7\u00e3o, ainda, se foi praticado por pessoa f\u00edsica e\/ou pessoa jur\u00eddica.<\/p>\n<p align=\"justify\">Os valores das san\u00e7\u00f5es pecuni\u00e1rias previstas se reverter\u00e3o aos servi\u00e7os de limpeza, de coleta e de separa\u00e7\u00e3o do lixo. A pessoa jur\u00eddica flagrada praticando a infra\u00e7\u00e3o de descarte irregular de lixo poder\u00e1 ser penalizada com a cassa\u00e7\u00e3o do alvar\u00e1 de localiza\u00e7\u00e3o e funcionamento, ap\u00f3s a abertura de processo administrativo, com direito \u00e0 ampla defesa e ao contradit\u00f3rio. A autoridade respons\u00e1vel pela fiscaliza\u00e7\u00e3o e autua\u00e7\u00e3o ficar\u00e1 encarregada de enviar, no prazo de 10 dias \u00fateis, c\u00f3pia do auto de infra\u00e7\u00e3o aos seguintes \u00f3rg\u00e3os: Minist\u00e9rio P\u00fablico Estadual, Pol\u00edcia Civil, Secretaria de Seguran\u00e7a Urbana e Cidadania (Semusb), Secretaria do Meio Ambiente (Semam) e Autarquia Especial Municipal de Limpeza Urbana (Emlur).<\/p>\n<p align=\"justify\">Entre os projetos aprovados, um dos destaques foi o PLO\u00a0<u><a href=\"https:\/\/sapl.joaopessoa.pb.leg.br\/materia\/pesquisar-materia?tipo=1&amp;ementa=&amp;numero=1843&amp;numeracao__numero_materia=&amp;numero_protocolo=&amp;ano=2023&amp;autoria__autor=&amp;autoria__primeiro_autor=unknown&amp;autoria__autor__tipo=&amp;autoria__autor__parlamentar_set__filiacao__partido=&amp;o=&amp;tipo_listagem=1&amp;tipo_origem_externa=&amp;numero_origem_externa=&amp;ano_origem_externa=&amp;data_origem_externa_0=&amp;data_origem_externa_1=&amp;local_origem_externa=&amp;data_apresentacao_0=&amp;data_apresentacao_1=&amp;data_publicacao_0=&amp;data_publicacao_1=&amp;relatoria__parlamentar_id=&amp;em_tramitacao=&amp;tramitacao__unidade_tramitacao_destino=&amp;tramitacao__status=&amp;materiaassunto__assunto=&amp;indexacao=&amp;regime_tramitacao=&amp;salvar=Pesquisar\" target=\"_blank\" rel=\"noopener\" data-saferedirecturl=\"https:\/\/www.google.com\/url?q=https:\/\/sapl.joaopessoa.pb.leg.br\/materia\/pesquisar-materia?tipo%3D1%26ementa%3D%26numero%3D1843%26numeracao__numero_materia%3D%26numero_protocolo%3D%26ano%3D2023%26autoria__autor%3D%26autoria__primeiro_autor%3Dunknown%26autoria__autor__tipo%3D%26autoria__autor__parlamentar_set__filiacao__partido%3D%26o%3D%26tipo_listagem%3D1%26tipo_origem_externa%3D%26numero_origem_externa%3D%26ano_origem_externa%3D%26data_origem_externa_0%3D%26data_origem_externa_1%3D%26local_origem_externa%3D%26data_apresentacao_0%3D%26data_apresentacao_1%3D%26data_publicacao_0%3D%26data_publicacao_1%3D%26relatoria__parlamentar_id%3D%26em_tramitacao%3D%26tramitacao__unidade_tramitacao_destino%3D%26tramitacao__status%3D%26materiaassunto__assunto%3D%26indexacao%3D%26regime_tramitacao%3D%26salvar%3DPesquisar&amp;source=gmail&amp;ust=1749558461124000&amp;usg=AOvVaw1U-oU7EaC8M-u35E94pTJZ\">1.843\/2023<\/a><\/u>, de autoria do vereador Odon Bezerra (PSB), que determina que os profissionais e funcion\u00e1rios que trabalham na \u00e1rea da sa\u00fade dever\u00e3o apresentar, periodicamente, o comprovante de vacina\u00e7\u00e3o. Os profissionais de sa\u00fade dever\u00e3o ser vacinados contra t\u00e9tano, febre amarela, difteria, hepatite B, tr\u00edplice viral e demais vacinas necess\u00e1rias para preven\u00e7\u00e3o de doen\u00e7as imunopreven\u00edveis. A vacina\u00e7\u00e3o dever\u00e1 constar no prontu\u00e1rio do profissional de sa\u00fade e estar dispon\u00edvel quando houver inspe\u00e7\u00e3o no local do trabalho.<\/p>\n<p align=\"justify\">Tamb\u00e9m foram aprovados cinco projetos com reconhecimento de utilidade p\u00fablica: o PLO\u00a0<u><a href=\"https:\/\/sapl.joaopessoa.pb.leg.br\/materia\/pesquisar-materia?tipo=1&amp;ementa=&amp;numero=2371&amp;numeracao__numero_materia=&amp;numero_protocolo=&amp;ano=2024&amp;autoria__autor=&amp;autoria__primeiro_autor=unknown&amp;autoria__autor__tipo=&amp;autoria__autor__parlamentar_set__filiacao__partido=&amp;o=&amp;tipo_listagem=1&amp;tipo_origem_externa=&amp;numero_origem_externa=&amp;ano_origem_externa=&amp;data_origem_externa_0=&amp;data_origem_externa_1=&amp;local_origem_externa=&amp;data_apresentacao_0=&amp;data_apresentacao_1=&amp;data_publicacao_0=&amp;data_publicacao_1=&amp;relatoria__parlamentar_id=&amp;em_tramitacao=&amp;tramitacao__unidade_tramitacao_destino=&amp;tramitacao__status=&amp;materiaassunto__assunto=&amp;indexacao=&amp;regime_tramitacao=&amp;salvar=Pesquisar\" target=\"_blank\" rel=\"noopener\" data-saferedirecturl=\"https:\/\/www.google.com\/url?q=https:\/\/sapl.joaopessoa.pb.leg.br\/materia\/pesquisar-materia?tipo%3D1%26ementa%3D%26numero%3D2371%26numeracao__numero_materia%3D%26numero_protocolo%3D%26ano%3D2024%26autoria__autor%3D%26autoria__primeiro_autor%3Dunknown%26autoria__autor__tipo%3D%26autoria__autor__parlamentar_set__filiacao__partido%3D%26o%3D%26tipo_listagem%3D1%26tipo_origem_externa%3D%26numero_origem_externa%3D%26ano_origem_externa%3D%26data_origem_externa_0%3D%26data_origem_externa_1%3D%26local_origem_externa%3D%26data_apresentacao_0%3D%26data_apresentacao_1%3D%26data_publicacao_0%3D%26data_publicacao_1%3D%26relatoria__parlamentar_id%3D%26em_tramitacao%3D%26tramitacao__unidade_tramitacao_destino%3D%26tramitacao__status%3D%26materiaassunto__assunto%3D%26indexacao%3D%26regime_tramitacao%3D%26salvar%3DPesquisar&amp;source=gmail&amp;ust=1749558461124000&amp;usg=AOvVaw301lu0owNZLVXw7C9GU_pp\">2371\/2024<\/a><\/u>, de Toinho P\u00e9 de A\u00e7o, reconhecendo a &#8216;Associa\u00e7\u00e3o Paraibana de Educa\u00e7\u00e3o e Cultura e Boulevard (Apecb)&#8217;, que promove a assist\u00eancia social, como de utilidade p\u00fablica; o PLO\u00a0<u><a href=\"https:\/\/sapl.joaopessoa.pb.leg.br\/materia\/pesquisar-materia?tipo=1&amp;ementa=&amp;numero=33&amp;numeracao__numero_materia=&amp;numero_protocolo=&amp;ano=2025&amp;autoria__autor=&amp;autoria__primeiro_autor=unknown&amp;autoria__autor__tipo=&amp;autoria__autor__parlamentar_set__filiacao__partido=&amp;o=&amp;tipo_listagem=1&amp;tipo_origem_externa=&amp;numero_origem_externa=&amp;ano_origem_externa=&amp;data_origem_externa_0=&amp;data_origem_externa_1=&amp;local_origem_externa=&amp;data_apresentacao_0=&amp;data_apresentacao_1=&amp;data_publicacao_0=&amp;data_publicacao_1=&amp;relatoria__parlamentar_id=&amp;em_tramitacao=&amp;tramitacao__unidade_tramitacao_destino=&amp;tramitacao__status=&amp;materiaassunto__assunto=&amp;indexacao=&amp;regime_tramitacao=&amp;salvar=Pesquisar\" target=\"_blank\" rel=\"noopener\" data-saferedirecturl=\"https:\/\/www.google.com\/url?q=https:\/\/sapl.joaopessoa.pb.leg.br\/materia\/pesquisar-materia?tipo%3D1%26ementa%3D%26numero%3D33%26numeracao__numero_materia%3D%26numero_protocolo%3D%26ano%3D2025%26autoria__autor%3D%26autoria__primeiro_autor%3Dunknown%26autoria__autor__tipo%3D%26autoria__autor__parlamentar_set__filiacao__partido%3D%26o%3D%26tipo_listagem%3D1%26tipo_origem_externa%3D%26numero_origem_externa%3D%26ano_origem_externa%3D%26data_origem_externa_0%3D%26data_origem_externa_1%3D%26local_origem_externa%3D%26data_apresentacao_0%3D%26data_apresentacao_1%3D%26data_publicacao_0%3D%26data_publicacao_1%3D%26relatoria__parlamentar_id%3D%26em_tramitacao%3D%26tramitacao__unidade_tramitacao_destino%3D%26tramitacao__status%3D%26materiaassunto__assunto%3D%26indexacao%3D%26regime_tramitacao%3D%26salvar%3DPesquisar&amp;source=gmail&amp;ust=1749558461124000&amp;usg=AOvVaw1gCQ_W6Wo0yllU_1jNgZp4\">33\/2025<\/a><\/u>, de Jailma Carvalho (PSB), reconhecendo o Centro Comunit\u00e1rio Bom Jos\u00e9 Pastoral, organiza\u00e7\u00e3o sem fins lucrativos que desenvolve trabalhos sociais junto \u00e0s crian\u00e7as, adolescentes, familiares da comunidade Citex; os PLOs\u00a0<u><a href=\"https:\/\/sapl.joaopessoa.pb.leg.br\/materia\/pesquisar-materia?tipo=1&amp;ementa=&amp;numero=66&amp;numeracao__numero_materia=&amp;numero_protocolo=&amp;ano=2025&amp;autoria__autor=&amp;autoria__primeiro_autor=unknown&amp;autoria__autor__tipo=&amp;autoria__autor__parlamentar_set__filiacao__partido=&amp;o=&amp;tipo_listagem=1&amp;tipo_origem_externa=&amp;numero_origem_externa=&amp;ano_origem_externa=&amp;data_origem_externa_0=&amp;data_origem_externa_1=&amp;local_origem_externa=&amp;data_apresentacao_0=&amp;data_apresentacao_1=&amp;data_publicacao_0=&amp;data_publicacao_1=&amp;relatoria__parlamentar_id=&amp;em_tramitacao=&amp;tramitacao__unidade_tramitacao_destino=&amp;tramitacao__status=&amp;materiaassunto__assunto=&amp;indexacao=&amp;regime_tramitacao=&amp;salvar=Pesquisar\" target=\"_blank\" rel=\"noopener\" data-saferedirecturl=\"https:\/\/www.google.com\/url?q=https:\/\/sapl.joaopessoa.pb.leg.br\/materia\/pesquisar-materia?tipo%3D1%26ementa%3D%26numero%3D66%26numeracao__numero_materia%3D%26numero_protocolo%3D%26ano%3D2025%26autoria__autor%3D%26autoria__primeiro_autor%3Dunknown%26autoria__autor__tipo%3D%26autoria__autor__parlamentar_set__filiacao__partido%3D%26o%3D%26tipo_listagem%3D1%26tipo_origem_externa%3D%26numero_origem_externa%3D%26ano_origem_externa%3D%26data_origem_externa_0%3D%26data_origem_externa_1%3D%26local_origem_externa%3D%26data_apresentacao_0%3D%26data_apresentacao_1%3D%26data_publicacao_0%3D%26data_publicacao_1%3D%26relatoria__parlamentar_id%3D%26em_tramitacao%3D%26tramitacao__unidade_tramitacao_destino%3D%26tramitacao__status%3D%26materiaassunto__assunto%3D%26indexacao%3D%26regime_tramitacao%3D%26salvar%3DPesquisar&amp;source=gmail&amp;ust=1749558461124000&amp;usg=AOvVaw3Z_bhGRiExWYC-BsCc5ncz\">66\/2025<\/a><\/u>\u00a0e\u00a0<u><a href=\"https:\/\/sapl.joaopessoa.pb.leg.br\/materia\/pesquisar-materia?tipo=1&amp;ementa=&amp;numero=208&amp;numeracao__numero_materia=&amp;numero_protocolo=&amp;ano=2025&amp;autoria__autor=&amp;autoria__primeiro_autor=unknown&amp;autoria__autor__tipo=&amp;autoria__autor__parl\" target=\"_blank\" rel=\"noopener\" data-saferedirecturl=\"https:\/\/www.google.com\/url?q=https:\/\/sapl.joaopessoa.pb.leg.br\/materia\/pesquisar-materia?tipo%3D1%26ementa%3D%26numero%3D208%26numeracao__numero_materia%3D%26numero_protocolo%3D%26ano%3D2025%26autoria__autor%3D%26autoria__primeiro_autor%3Dunknown%26autoria__autor__tipo%3D%26autoria__autor__parl&amp;source=gmail&amp;ust=1749558461124000&amp;usg=AOvVaw2glHW09ofGUUtf8rTXQ1cn\">208\/2025<\/a><\/u>, de Eliza Virg\u00ednia (PP), declaradas de utilidade p\u00fablica o Instituto Ant\u00f4nio Pereira \u2013 institui\u00e7\u00e3o sem fins lucrativos, de car\u00e1ter educacional e cultural, idealizada com o intuito de incentivar o uso da tecnologia \u2013 e o Instituto Nacional de Desenvolvimento Humano (INADH) \u2013 que promove projetos voltados \u00e0 inclus\u00e3o social e ao fortalecimento da cidadania; e o PLO <u><a href=\"https:\/\/sapl.joaopessoa.pb.leg.br\/materia\/pesquisar-materia?tipo=1&amp;ementa=&amp;numero=227&amp;numeracao__numero_materia=&amp;numero_protocolo=&amp;ano=2025&amp;autoria__autor=&amp;autoria__primeir\" target=\"_blank\" rel=\"noopener\" data-saferedirecturl=\"https:\/\/www.google.com\/url?q=https:\/\/sapl.joaopessoa.pb.leg.br\/materia\/pesquisar-materia?tipo%3D1%26ementa%3D%26numero%3D227%26numeracao__numero_materia%3D%26numero_protocolo%3D%26ano%3D2025%26autoria__autor%3D%26autoria__primeir&amp;source=gmail&amp;ust=1749558461124000&amp;usg=AOvVaw13peddmmMVq9Og8mPbSiv9\">227\/2025<\/a><\/u>, de Chico do Sindicato (Avante), reconhecendo a Associa\u00e7\u00e3o M\u00e3os Amigas &#8211; Amor Que Frutifica, que tem por finalidade promover a transforma\u00e7\u00e3o social e o empoderamento de mulheres em situa\u00e7\u00e3o de vulnerabilidade, oferecendo suporte educacional, capacita\u00e7\u00e3o profissional e assist\u00eancia humanit\u00e1ria, com o objetivo de fomentar a dignidade, a autonomia e a inclus\u00e3o social.<\/p>\n<p align=\"justify\">CMJP<\/p>\n","protected":false},"excerpt":{"rendered":"<p>A C\u00e2mara Municipal de Jo\u00e3o Pessoa (CMJP) aprovou o projeto que regulamenta san\u00e7\u00f5es e multas nas a\u00e7\u00f5es de fiscaliza\u00e7\u00e3o do descarte de res\u00edduos. Os vereadores aprovaram 13 Projetos de Lei Ordin\u00e1ria (PLO), quatro Projetos de Decreto Legislativo (PDL) e uma Medida Provis\u00f3ria (MP), na vota\u00e7\u00e3o desta quinta-feira (5). O PLO\u00a0115\/2025, de Guguinha Moov Jampa (PSD), &hellip;<\/p>\n","protected":false},"author":1,"featured_media":98912,"comment_status":"open","ping_status":"open","sticky":false,"template":"","format":"standard","meta":{"footnotes":""},"categories":[15],"tags":[],"class_list":["post-135096","post","type-post","status-publish","format-standard","has-post-thumbnail","hentry","category-links"],"_links":{"self":[{"href":"https:\/\/iparaiba.com.br\/index.php\/wp-json\/wp\/v2\/posts\/135096","targetHints":{"allow":["GET"]}}],"collection":[{"href":"https:\/\/iparaiba.com.br\/index.php\/wp-json\/wp\/v2\/posts"}],"about":[{"href":"https:\/\/iparaiba.com.br\/index.php\/wp-json\/wp\/v2\/types\/post"}],"author":[{"embeddable":true,"href":"https:\/\/iparaiba.com.br\/index.php\/wp-json\/wp\/v2\/users\/1"}],"replies":[{"embeddable":true,"href":"https:\/\/iparaiba.com.br\/index.php\/wp-json\/wp\/v2\/comments?post=135096"}],"version-history":[{"count":1,"href":"https:\/\/iparaiba.com.br\/index.php\/wp-json\/wp\/v2\/posts\/135096\/revisions"}],"predecessor-version":[{"id":135125,"href":"https:\/\/iparaiba.com.br\/index.php\/wp-json\/wp\/v2\/posts\/135096\/revisions\/135125"}],"wp:featuredmedia":[{"embeddable":true,"href":"https:\/\/iparaiba.com.br\/index.php\/wp-json\/wp\/v2\/media\/98912"}],"wp:attachment":[{"href":"https:\/\/iparaiba.com.br\/index.php\/wp-json\/wp\/v2\/media?parent=135096"}],"wp:term":[{"taxonomy":"category","embeddable":true,"href":"https:\/\/iparaiba.com.br\/index.php\/wp-json\/wp\/v2\/categories?post=135096"},{"taxonomy":"post_tag","embeddable":true,"href":"https:\/\/iparaiba.com.br\/index.php\/wp-json\/wp\/v2\/tags?post=135096"}],"curies":[{"name":"wp","href":"https:\/\/api.w.org\/{rel}","templated":true}]}}