{"id":135095,"date":"2025-06-09T13:00:23","date_gmt":"2025-06-09T16:00:23","guid":{"rendered":"https:\/\/onordeste.com.br\/?p=135083"},"modified":"2025-06-09T13:00:23","modified_gmt":"2025-06-09T16:00:23","slug":"abertas-as-inscricoes-para-a-42a-edicao-da-corrida-da-fogueira","status":"publish","type":"post","link":"https:\/\/iparaiba.com.br\/index.php\/2025\/06\/09\/abertas-as-inscricoes-para-a-42a-edicao-da-corrida-da-fogueira\/","title":{"rendered":"Abertas as inscri\u00e7\u00f5es para a 42\u00aa edi\u00e7\u00e3o da Corrida da Fogueira"},"content":{"rendered":"<p>Ser\u00e3o realizadas at\u00e9 o dia 27 de junho as inscri\u00e7\u00f5es para a 42\u00aa edi\u00e7\u00e3o da Corrida da Fogueira, \u201cA Corrida d\u2019O Maior S\u00e3o Jo\u00e3o do Mundo\u201d evento promovido pela Prefeitura de Campina Grande, por meio da Secretaria de Esporte, Juventude e Lazer (Sejel), em parceria com a empresa Arte Produ\u00e7\u00f5es, realizadora d\u2019O Maior S\u00e3o Jo\u00e3o do Mundo. Quem tiver interesse em se inscrever nesta corrida, que tradicionalmente integra a programa\u00e7\u00e3o paralela do S\u00e3o Jo\u00e3o, deve acessar o endere\u00e7o <a href=\"http:\/\/www.zeniteesportes.com.br\/\" target=\"_blank\" rel=\"noopener\" data-saferedirecturl=\"https:\/\/www.google.com\/url?q=http:\/\/www.zeniteesportes.com.br&amp;source=gmail&amp;ust=1749558460114000&amp;usg=AOvVaw0aTzDH-9qXT6HfNHBZ8VUz\">www.zeniteesportes.com.br<\/a>\u00a0preencher o formul\u00e1rio de inscri\u00e7\u00e3o e pagar a taxa de R$ 69,00.<\/p>\n<p>Nesta temporada, a Corrida da Fogueira vai acontecer no dia 29 de junho, \u00e0s 6h, com largada e chegada ainda a definir, mas, provavelmente ser\u00e1 no S\u00edtio S\u00e3o Jo\u00e3o. A organiza\u00e7\u00e3o da prova ser\u00e1 de responsabilidade da empresa Zenite Esportes, que espera um p\u00fablico de mil atletas, nesta que \u00e9 uma das mais tradicionais provas de corrida realizadas na Para\u00edba.<\/p>\n<p>O ex-secret\u00e1rio de esportes de Campina Grande, Teles Albuquerque, um dos fundadores da Corrida da Fogueira, disse que essa prova \u00e9 tradicional\u00edssima na cidade e que desde sua cria\u00e7\u00e3o em 1977, foi abra\u00e7ada e realizada pela prefeitura campinense, ele lembrou que dessa corrida sa\u00edram grandes nomes do atletismo paraibano para o Brasil, a exemplo de Francisco de Assis Paulo, Ednalva Lauriano, Maria do Carmo e o pr\u00f3prio Teles Albuquerque, nomes que s\u00e3o lembrados at\u00e9 hoje no cen\u00e1rio nacional.<\/p>\n<p>O coordenador da Corrida da Fogueira, professor Bruno Mendes, disse que a expectativa de participa\u00e7\u00e3o na Corrida da Fogueira sempre \u00e9 muito boa. Segundo ele, a corrida tem um n\u00famero de participantes fiel, dentro dos festejos juninos na terra d\u2019O Maior S\u00e3o Jo\u00e3o do Mundo. Bruno lembrou que, nas tr\u00eas \u00faltimas edi\u00e7\u00f5es da prova, atletas de v\u00e1rios estados brasileiros e at\u00e9 de outros pa\u00edses, a exemplo da Espanha, Estados Unidos e Canad\u00e1, participaram da competi\u00e7\u00e3o. \u201cVamos fazer uma grande corrida, com boa camisa, boa medalha e com a cronometragem e organiza\u00e7\u00e3o da Zenite Esportes Cronometragem e eventos, uma das melhores empresas neste segmento, na Para\u00edba e no Nordeste\u201d, avaliou Bruno Mendes.<\/p>\n<p>O secret\u00e1rio de Esportes de Campina Grande, Ronaldo Neto, destacou a import\u00e2ncia que tem a Corrida da Fogueira n\u00e3o s\u00f3 para a cidade, mas, tamb\u00e9m para a Para\u00edba, devido a tradi\u00e7\u00e3o da prova e por ela ser realizada dentro dos festejos d\u2019 O Maior S\u00e3o Jo\u00e3o do Mundo, sendo abra\u00e7ada pelos campinenses e pelos visitantes da festa, que vem de outros estados brasileiros e de outras partes do mundo.<\/p>\n<p>\u201cN\u00f3s temos a certeza que faremos uma grande Corrida da Fogueira, nestes 42 anos de sua realiza\u00e7\u00e3o, nossa cidade \u00e9 apaixonada pela corrida de rua e esta prova tem um diferencial que \u00e9 a participa\u00e7\u00e3o dos turistas que nos visitam nesta \u00e9poca do ano, portanto, teremos no pr\u00f3ximo dia 29, uma grande festa de esporte e de lazer\u201d, declarou Ronaldo Neto.<\/p>\n<p>A Corrida da Fogueira foi criada em 1977, por Jo\u00e3ozito Silva, Tobias di Pace Maranh\u00e3o, Francisco de Assis do Nascimento (Ol\u00e9) e Teles Albuquerque. Sendo a sua primeira realiza\u00e7\u00e3o no dia 22 de junho do mesmo ano da cria\u00e7\u00e3o. Os primeiros campe\u00f5es foram Teles Albuquerque, Francisco de Assis Paulo e Vandemberg Barbosa. Teles Albuquerque venceu em 1977 e 1978 e Francisco de Assis Paulo em 1979. Teles Albuquerque voltou a vencer em 1980. Assis Paulo ganhou novamente em 1981 e Vandemberg Barbosa em 1982<\/p>\n","protected":false},"excerpt":{"rendered":"<p>Ser\u00e3o realizadas at\u00e9 o dia 27 de junho as inscri\u00e7\u00f5es para a 42\u00aa edi\u00e7\u00e3o da Corrida da Fogueira, \u201cA Corrida d\u2019O Maior S\u00e3o Jo\u00e3o do Mundo\u201d evento promovido pela Prefeitura de Campina Grande, por meio da Secretaria de Esporte, Juventude e Lazer (Sejel), em parceria com a empresa Arte Produ\u00e7\u00f5es, realizadora d\u2019O Maior S\u00e3o Jo\u00e3o &hellip;<\/p>\n","protected":false},"author":1,"featured_media":97479,"comment_status":"open","ping_status":"open","sticky":false,"template":"","format":"standard","meta":{"footnotes":""},"categories":[3],"tags":[],"class_list":["post-135095","post","type-post","status-publish","format-standard","has-post-thumbnail","hentry","category-nordeste"],"_links":{"self":[{"href":"https:\/\/iparaiba.com.br\/index.php\/wp-json\/wp\/v2\/posts\/135095","targetHints":{"allow":["GET"]}}],"collection":[{"href":"https:\/\/iparaiba.com.br\/index.php\/wp-json\/wp\/v2\/posts"}],"about":[{"href":"https:\/\/iparaiba.com.br\/index.php\/wp-json\/wp\/v2\/types\/post"}],"author":[{"embeddable":true,"href":"https:\/\/iparaiba.com.br\/index.php\/wp-json\/wp\/v2\/users\/1"}],"replies":[{"embeddable":true,"href":"https:\/\/iparaiba.com.br\/index.php\/wp-json\/wp\/v2\/comments?post=135095"}],"version-history":[{"count":1,"href":"https:\/\/iparaiba.com.br\/index.php\/wp-json\/wp\/v2\/posts\/135095\/revisions"}],"predecessor-version":[{"id":135124,"href":"https:\/\/iparaiba.com.br\/index.php\/wp-json\/wp\/v2\/posts\/135095\/revisions\/135124"}],"wp:featuredmedia":[{"embeddable":true,"href":"https:\/\/iparaiba.com.br\/index.php\/wp-json\/wp\/v2\/media\/97479"}],"wp:attachment":[{"href":"https:\/\/iparaiba.com.br\/index.php\/wp-json\/wp\/v2\/media?parent=135095"}],"wp:term":[{"taxonomy":"category","embeddable":true,"href":"https:\/\/iparaiba.com.br\/index.php\/wp-json\/wp\/v2\/categories?post=135095"},{"taxonomy":"post_tag","embeddable":true,"href":"https:\/\/iparaiba.com.br\/index.php\/wp-json\/wp\/v2\/tags?post=135095"}],"curies":[{"name":"wp","href":"https:\/\/api.w.org\/{rel}","templated":true}]}}