{"id":135070,"date":"2025-06-02T10:54:26","date_gmt":"2025-06-02T13:54:26","guid":{"rendered":"https:\/\/onordeste.com.br\/?p=135026"},"modified":"2025-06-02T10:54:26","modified_gmt":"2025-06-02T13:54:26","slug":"hospitais-universitarios-iniciam-mutiroes-de-cirurgias-eletivas","status":"publish","type":"post","link":"https:\/\/iparaiba.com.br\/index.php\/2025\/06\/02\/hospitais-universitarios-iniciam-mutiroes-de-cirurgias-eletivas\/","title":{"rendered":"Hospitais universit\u00e1rios iniciam mutir\u00f5es de cirurgias eletivas"},"content":{"rendered":"<p>O primeiro mutir\u00e3o do novo programa Agora Tem Especialistas, do Minist\u00e9rio da Sa\u00fade, ocorreu neste s\u00e1bado (31), em nove hospitais universit\u00e1rios da Empresa Brasileira de Servi\u00e7os Hospitalares (Ebserh).<\/p>\n<p>A iniciativa busca utilizar infraestrutura p\u00fablica e privada para reduzir as filas de procedimentos n\u00e3o emergenciais do Sistema \u00danico de Sa\u00fade (SUS).<\/p>\n<p>O ministro da Sa\u00fade, Alexandre Padilha, esteve no Hospital Universit\u00e1rio de Bras\u00edlia (HUB) para acompanhar o mutir\u00e3o, que realizou 28 cirurgias eletivas, al\u00e9m de 28 exames de coloproctologia (procedimento que avalia a sa\u00fade do intestino).<\/p>\n<p>Segundo Padilha, a ideia \u00e9 que os hospitais universit\u00e1rios passem a funcionar aos s\u00e1bados ou em terceiro turno para atendimento eletivo, aumentando a capacidade da rede p\u00fablica.<\/p>\n<p>\u201cIsso significa um esfor\u00e7o do Minist\u00e9rio da Sa\u00fade, Minist\u00e9rio da Educa\u00e7\u00e3o e Ebserh. Esse ano a Ebserh tem como meta aumentar em 40% a quantidade de cirurgias eletivas que realiza. O Minist\u00e9rio da Sa\u00fade coloca R$ 100 milh\u00f5es para essa a\u00e7\u00e3o, refor\u00e7ando os recursos que j\u00e1 s\u00e3o do MEC e da Ebserh\u201d, detalhou o ministro.<\/p>\n<p><em>Ag\u00eancia Brasil<\/em><\/p>\n","protected":false},"excerpt":{"rendered":"<p>O primeiro mutir\u00e3o do novo programa Agora Tem Especialistas, do Minist\u00e9rio da Sa\u00fade, ocorreu neste s\u00e1bado (31), em nove hospitais universit\u00e1rios da Empresa Brasileira de Servi\u00e7os Hospitalares (Ebserh). A iniciativa busca utilizar infraestrutura p\u00fablica e privada para reduzir as filas de procedimentos n\u00e3o emergenciais do Sistema \u00danico de Sa\u00fade (SUS). O ministro da Sa\u00fade, Alexandre &hellip;<\/p>\n","protected":false},"author":1,"featured_media":107726,"comment_status":"open","ping_status":"open","sticky":false,"template":"","format":"standard","meta":{"footnotes":""},"categories":[2],"tags":[],"class_list":["post-135070","post","type-post","status-publish","format-standard","has-post-thumbnail","hentry","category-saude"],"_links":{"self":[{"href":"https:\/\/iparaiba.com.br\/index.php\/wp-json\/wp\/v2\/posts\/135070","targetHints":{"allow":["GET"]}}],"collection":[{"href":"https:\/\/iparaiba.com.br\/index.php\/wp-json\/wp\/v2\/posts"}],"about":[{"href":"https:\/\/iparaiba.com.br\/index.php\/wp-json\/wp\/v2\/types\/post"}],"author":[{"embeddable":true,"href":"https:\/\/iparaiba.com.br\/index.php\/wp-json\/wp\/v2\/users\/1"}],"replies":[{"embeddable":true,"href":"https:\/\/iparaiba.com.br\/index.php\/wp-json\/wp\/v2\/comments?post=135070"}],"version-history":[{"count":0,"href":"https:\/\/iparaiba.com.br\/index.php\/wp-json\/wp\/v2\/posts\/135070\/revisions"}],"wp:featuredmedia":[{"embeddable":true,"href":"https:\/\/iparaiba.com.br\/index.php\/wp-json\/wp\/v2\/media\/107726"}],"wp:attachment":[{"href":"https:\/\/iparaiba.com.br\/index.php\/wp-json\/wp\/v2\/media?parent=135070"}],"wp:term":[{"taxonomy":"category","embeddable":true,"href":"https:\/\/iparaiba.com.br\/index.php\/wp-json\/wp\/v2\/categories?post=135070"},{"taxonomy":"post_tag","embeddable":true,"href":"https:\/\/iparaiba.com.br\/index.php\/wp-json\/wp\/v2\/tags?post=135070"}],"curies":[{"name":"wp","href":"https:\/\/api.w.org\/{rel}","templated":true}]}}