{"id":135068,"date":"2025-06-04T18:31:40","date_gmt":"2025-06-04T21:31:40","guid":{"rendered":"https:\/\/onordeste.com.br\/?p=135068"},"modified":"2025-06-04T18:31:40","modified_gmt":"2025-06-04T21:31:40","slug":"enem-candidatos-tem-ate-6-6-para-solicitar-atendimento-especializado","status":"publish","type":"post","link":"https:\/\/iparaiba.com.br\/index.php\/2025\/06\/04\/enem-candidatos-tem-ate-6-6-para-solicitar-atendimento-especializado\/","title":{"rendered":"Enem: Candidatos, t\u00eam at\u00e9 6\/6 para solicitar atendimento especializado"},"content":{"rendered":"<p>Acaba em 6 de junho o prazo para os candidatos ao Exame Nacional do Ensino M\u00e9dio (Enem) de 2025 solicitarem atendimento especializado para os dois dias de prova. O pedido deve ser feito no momento da inscri\u00e7\u00e3o, que est\u00e1 aberta desde 26 de maio e \u00e9 realizada exclusivamente pela P\u00e1gina do Participante.<\/p>\n<p>O edital do Enem 2025 determina que os candidatos que necessitam de atendimento especializado devem informar a condi\u00e7\u00e3o no momento da inscri\u00e7\u00e3o. Entre as situa\u00e7\u00f5es contempladas est\u00e3o baixa vis\u00e3o; cegueira; vis\u00e3o monocular; defici\u00eancia f\u00edsica, auditiva, intelectual; surdez; surdez-cegueira; transtornos como dislexia, d\u00e9ficit de aten\u00e7\u00e3o e autismo; discalculia, al\u00e9m de casos como diabetes, gestantes, lactantes, idosos e estudantes em classe hospitalar, ou outra condi\u00e7\u00e3o espec\u00edfica.<\/p>\n<p>Para solicitar o atendimento especializado, \u00e9 obrigat\u00f3rio enviar a documenta\u00e7\u00e3o comprobat\u00f3ria da condi\u00e7\u00e3o pela P\u00e1gina do Participante. O documento enviado para solicitar atendimento especializado deve ser leg\u00edvel, em portugu\u00eas e conter nome completo do participante, diagn\u00f3stico detalhado ou c\u00f3digo correspondente \u00e0 Classifica\u00e7\u00e3o Internacional de Doen\u00e7a (CID 10), al\u00e9m da assinatura e identifica\u00e7\u00e3o do profissional respons\u00e1vel, com registro no Conselho Regional de Medicina (CRM), Minist\u00e9rio da Sa\u00fade (RMS) ou \u00f3rg\u00e3o competente.<\/p>\n<p>O Instituto Nacional de Estudos e Pesquisas Educacionais An\u00edsio Teixeira (Inep) informou que candidatos com documenta\u00e7\u00e3o aprovada para atendimento especializado nas edi\u00e7\u00f5es do Enem de 2021 a 2024 n\u00e3o precisam reenviar os documentos para 2025, desde que a solicita\u00e7\u00e3o seja a mesma.<\/p>\n<p>A exce\u00e7\u00e3o vale para lactantes e para estudantes em classe hospitalar. Neste \u00faltimo caso, \u00e9 necess\u00e1rio anexar uma declara\u00e7\u00e3o do hospital confirmando a interna\u00e7\u00e3o e a disponibilidade de local adequado para a realiza\u00e7\u00e3o das provas. As regras do exame determinam que todos os recursos ser\u00e3o vistoriados pelo chefe de sala nos dias de aplica\u00e7\u00e3o, 9 e 16 de novembro.<\/p>\n<p>No caso das lactantes, a candidata deve comparecer aos dois dias de exame acompanhada por um adulto respons\u00e1vel, que permanecer\u00e1 em sala separada cuidando do beb\u00ea. A crian\u00e7a n\u00e3o poder\u00e1 entrar no local onde as provas ser\u00e3o aplicadas. O acompanhante passar\u00e1 por revista com detector de metais e n\u00e3o ter\u00e1 acesso ao ambiente de prova. Qualquer intera\u00e7\u00e3o entre ele e a lactante durante o exame ser\u00e1 monitorada por um fiscal.<\/p>\n<p>PBAGORA<\/p>\n","protected":false},"excerpt":{"rendered":"<p>Acaba em 6 de junho o prazo para os candidatos ao Exame Nacional do Ensino M\u00e9dio (Enem) de 2025 solicitarem atendimento especializado para os dois dias de prova. O pedido deve ser feito no momento da inscri\u00e7\u00e3o, que est\u00e1 aberta desde 26 de maio e \u00e9 realizada exclusivamente pela P\u00e1gina do Participante. O edital do &hellip;<\/p>\n","protected":false},"author":1,"featured_media":102596,"comment_status":"open","ping_status":"open","sticky":false,"template":"","format":"standard","meta":{"footnotes":""},"categories":[11],"tags":[],"class_list":["post-135068","post","type-post","status-publish","format-standard","has-post-thumbnail","hentry","category-educacao"],"_links":{"self":[{"href":"https:\/\/iparaiba.com.br\/index.php\/wp-json\/wp\/v2\/posts\/135068","targetHints":{"allow":["GET"]}}],"collection":[{"href":"https:\/\/iparaiba.com.br\/index.php\/wp-json\/wp\/v2\/posts"}],"about":[{"href":"https:\/\/iparaiba.com.br\/index.php\/wp-json\/wp\/v2\/types\/post"}],"author":[{"embeddable":true,"href":"https:\/\/iparaiba.com.br\/index.php\/wp-json\/wp\/v2\/users\/1"}],"replies":[{"embeddable":true,"href":"https:\/\/iparaiba.com.br\/index.php\/wp-json\/wp\/v2\/comments?post=135068"}],"version-history":[{"count":1,"href":"https:\/\/iparaiba.com.br\/index.php\/wp-json\/wp\/v2\/posts\/135068\/revisions"}],"predecessor-version":[{"id":135091,"href":"https:\/\/iparaiba.com.br\/index.php\/wp-json\/wp\/v2\/posts\/135068\/revisions\/135091"}],"wp:featuredmedia":[{"embeddable":true,"href":"https:\/\/iparaiba.com.br\/index.php\/wp-json\/wp\/v2\/media\/102596"}],"wp:attachment":[{"href":"https:\/\/iparaiba.com.br\/index.php\/wp-json\/wp\/v2\/media?parent=135068"}],"wp:term":[{"taxonomy":"category","embeddable":true,"href":"https:\/\/iparaiba.com.br\/index.php\/wp-json\/wp\/v2\/categories?post=135068"},{"taxonomy":"post_tag","embeddable":true,"href":"https:\/\/iparaiba.com.br\/index.php\/wp-json\/wp\/v2\/tags?post=135068"}],"curies":[{"name":"wp","href":"https:\/\/api.w.org\/{rel}","templated":true}]}}