{"id":135066,"date":"2025-06-04T16:00:57","date_gmt":"2025-06-04T19:00:57","guid":{"rendered":"https:\/\/onordeste.com.br\/?p=135066"},"modified":"2025-06-04T16:00:57","modified_gmt":"2025-06-04T19:00:57","slug":"agevisa-divulga-orientacoes-e-ressalta-importancia-da-higiene-das-maos","status":"publish","type":"post","link":"https:\/\/iparaiba.com.br\/index.php\/2025\/06\/04\/agevisa-divulga-orientacoes-e-ressalta-importancia-da-higiene-das-maos\/","title":{"rendered":"Agevisa divulga orienta\u00e7\u00f5es e ressalta import\u00e2ncia da higiene das m\u00e3os"},"content":{"rendered":"<p style=\"font-weight: 400;\">A Ag\u00eancia Estadual de Vigil\u00e2ncia Sanit\u00e1ria (Agevisa\/PB) divulgou orienta\u00e7\u00f5es gerais para higiene das m\u00e3os, especialmente nos servi\u00e7os de aten\u00e7\u00e3o \u00e0 sa\u00fade, como parte da celebra\u00e7\u00e3o ao Dia Mundial de Higieniza\u00e7\u00e3o das M\u00e3os dados estabelecidos pela Organiza\u00e7\u00e3o Mundial de Sa\u00fade (OMS) como marco de destaque da higiene das m\u00e3os como pr\u00e1ticas necess\u00e1rias para prevenir doen\u00e7as e promover a seguran\u00e7a da sa\u00fade das pessoas.<\/p>\n<p style=\"font-weight: 400;\">O assunto foi objeto de entrevista concedida pelo diretor-geral da Agevisa\/PB, Geraldo Moreira de Menezes, ao informativo Momento Agevisa, veiculado nas manh\u00e3s de ter\u00e7as e quintas-feiras, dentro da programa\u00e7\u00e3o do Jornal Estadual da R\u00e1dio Tabajara. O \u00e1udio da entrevista est\u00e1 dispon\u00edvel no endere\u00e7o\u00a0<a href=\"https:\/\/agevisa.pb.gov.br\/servicos\/audios\/455-edicao-de-06-de-maio-de-2025-importancia-da-higienizacao-das-maos.mp3\">https:\/\/agevisa.pb.gov.br\/servicos\/audios\/455-edicao-de-06-de-maio-de-2025-importancia-da-higienizacao-das-maos.mp3<\/a>\u00a0.<\/p>\n<p style=\"font-weight: 400;\"><strong>Segue a entrevista.<\/strong><\/p>\n<p style=\"font-weight: 400;\"><strong><u>Import\u00e2ncia da higieniza\u00e7\u00e3o<\/u><\/strong>\u00a0<strong>:<\/strong><\/p>\n<p style=\"font-weight: 400;\">&#8211; A higieniza\u00e7\u00e3o das m\u00e3os \u00e9 importante em todas as situa\u00e7\u00f5es, seja no preparo, na manipula\u00e7\u00e3o e no consumo dos alimentos, na execu\u00e7\u00e3o de atividades capazes de por em risco a sa\u00fade das pessoas (como cortar cabelo, fazer unhas etc.) ou no desenvolvimento das a\u00e7\u00f5es profissionais em hospitais, Unidades de Pronto Atendimento e demais estabelecimentos que cuidam da sa\u00fade.<\/p>\n<p style=\"font-weight: 400;\"><strong><u>Previs\u00e3o legal<\/u><\/strong><strong>:<\/strong><\/p>\n<p style=\"font-weight: 400;\">&#8211; A quest\u00e3o da higiene das m\u00e3os \u00e9 disciplinada pela Resolu\u00e7\u00e3o de Diretoria Colegiada n\u00ba 42, de 25 de outubro de 2010, da Ag\u00eancia Nacional de Vigil\u00e2ncia Sanit\u00e1ria (Anvisa), que torna obrigat\u00f3ria a disponibiliza\u00e7\u00e3o de prepara\u00e7\u00e3o l\u00edquida para fric\u00e7\u00e3o antiss\u00e9ptica das m\u00e3os pelos servi\u00e7os de sa\u00fade em todo o territ\u00f3rio nacional.<\/p>\n<p style=\"font-weight: 400;\">Outras normativas importantes s\u00e3o a RDC n\u00ba 36, de 25 de julho de 2013, tamb\u00e9m da Anvisa, que institui a\u00e7\u00f5es para a seguran\u00e7a do paciente nos servi\u00e7os de sa\u00fade, e a institui\u00e7\u00e3o dos Protocolos B\u00e1sicos Nacionais de Seguran\u00e7a do Paciente, incluindo o Protocolo de Pr\u00e1tica de Higiene das M\u00e3os, do Minist\u00e9rio da Sa\u00fade.<\/p>\n<p style=\"font-weight: 400;\">A prop\u00f3sito desse protocolo \u00e9 instituir e promover a higiene das m\u00e3os nos servi\u00e7os de sa\u00fade do Pa\u00eds com o intuito de prevenir e controlar as infec\u00e7\u00f5es relacionadas \u00e0 assist\u00eancia \u00e0 sa\u00fade (IRAS), que envolvem a seguran\u00e7a do paciente, dos profissionais de sa\u00fade e de todos aqueles envolvidos nos cuidados aos pacientes.<\/p>\n<p style=\"font-weight: 400;\"><strong><u>Sobre o Protocolo de Pr\u00e1tica de Higiene das M\u00e3os<\/u><\/strong>\u00a0<strong>:<\/strong><\/p>\n<p style=\"font-weight: 400;\">&#8211; Este protocolo deve ser aplicado em todos os servi\u00e7os de sa\u00fade, p\u00fablicos ou privados, que prestam cuidados \u00e0 sa\u00fade, seja qual for o n\u00edvel de complexidade, no Ponto de Assist\u00eancia.<\/p>\n<p style=\"font-weight: 400;\">E o que seria o Ponto de Assist\u00eancia? Trata-se do local onde tr\u00eas elementos est\u00e3o presentes: o paciente, o profissional de sa\u00fade e a assist\u00eancia ou tratamento envolvido o contato com o paciente ou suas imedia\u00e7\u00f5es (consideradas o ambiente do paciente).<\/p>\n<p style=\"font-weight: 400;\"><strong><u>Tipos<\/u><\/strong>\u00a0<strong><u>de procedimentos relacionados \u00e0 higieniza\u00e7\u00e3o das m\u00e3os<\/u><\/strong>\u00a0<strong>:<\/strong><\/p>\n<p style=\"font-weight: 400;\">&#8211; O Protocolo de Pr\u00e1tica de Higiene das M\u00e3os trata da higiene simples, da higiene antiss\u00e9ptica e da fric\u00e7\u00e3o antiss\u00e9ptica das m\u00e3os com prepara\u00e7\u00e3o l\u00edquida.<\/p>\n<p style=\"font-weight: 400;\">A Higiene Simples \u00e9 o ato de higienizar as m\u00e3os com \u00e1gua e sabonete comum, sob a forma l\u00edquida.<\/p>\n<p style=\"font-weight: 400;\">A higiene antiss\u00e9ptica, por sua vez, \u00e9 ato de higienizar as m\u00e3os com \u00e1gua e sabonete associado a agente antiss\u00e9ptico.<\/p>\n<p style=\"font-weight: 400;\">J\u00e1 a fric\u00e7\u00e3o antiss\u00e9ptica com prepara\u00e7\u00e3o preparada diz respeito \u00e0 aplica\u00e7\u00e3o de prepara\u00e7\u00e3o preparada nas m\u00e3os para reduzir a carga de microrganismos. Neste caso, n\u00e3o h\u00e1 necessidade de enxaguar em \u00e1gua ou secar com papel toalha ou outros equipamentos.<\/p>\n<p style=\"font-weight: 400;\"><strong><u>Momentos<\/u><\/strong>\u00a0<strong><u>cruciais para higiene das m\u00e3os na aten\u00e7\u00e3o \u00e0 sa\u00fade<\/u><\/strong>\u00a0<strong>:<\/strong><\/p>\n<p style=\"font-weight: 400;\">&#8211; As m\u00e3os devem ser higienizadas obrigatoriamente nos cinco momentos definidos no fluxo de cuidados assistenciais para a preven\u00e7\u00e3o de infec\u00e7\u00f5es relacionadas \u00e0 assist\u00eancia \u00e0 sa\u00fade (IRAS) causadas por transmiss\u00e3o cruzada pelas m\u00e3os.<\/p>\n<p style=\"font-weight: 400;\">Esses momentos s\u00e3o os seguintes: antes de tocar o paciente; antes de realizar procedimento limpo\/ass\u00e9ptico; ap\u00f3s risco de exposi\u00e7\u00e3o a fluidos corporais; tocar ap\u00f3s o paciente, e ap\u00f3s contato com as superf\u00edcies pr\u00f3ximas ao paciente.<\/p>\n<p style=\"font-weight: 400;\"><strong><u>Dimens\u00e3o<\/u><\/strong>\u00a0<strong><u>do IRAS nos servi\u00e7os de sa\u00fade<\/u><\/strong>\u00a0<strong>:<\/strong><\/p>\n<p style=\"font-weight: 400;\">&#8211; As Infec\u00e7\u00f5es Relacionadas \u00e0 Assist\u00eancia \u00e0 Sa\u00fade s\u00e3o apontadas como um dos eventos adversos mais frequentes nos servi\u00e7os de sa\u00fade e que ocasionalmente ocorrem centenas de milh\u00f5es de pacientes em todo o mundo.<\/p>\n<p style=\"font-weight: 400;\">O fato \u00e9 que os microrganismos resistentes podem ser transferidos aos pacientes por meio das m\u00e3os dos profissionais de sa\u00fade. E quando isso ocorre, a resist\u00eancia aos antimicrobianos reduz ou impede a efic\u00e1cia de qualquer tratamento para preven\u00e7\u00e3o e cura de infec\u00e7\u00f5es.<\/p>\n<p style=\"font-weight: 400;\">Nesse cen\u00e1rio, a higiene das m\u00e3os \u00e9 a principal a\u00e7\u00e3o capaz de reduzir a transmiss\u00e3o de infec\u00e7\u00f5es e microrganismos resistentes, destacando-se como uma das essenciais medidas de preven\u00e7\u00e3o e controle de doen\u00e7as e de promo\u00e7\u00e3o da seguran\u00e7a dos pacientes, dos profissionais e dos usu\u00e1rios dos servi\u00e7os de sa\u00fade.<\/p>\n<p style=\"font-weight: 400;\">Al\u00e9m disso, o simples ato de higienizar as m\u00e3os ajuda a prevenir o surgimento de diversos problemas de sa\u00fade, como diarreia, gripe, resfriado, doen\u00e7as de pele e infec\u00e7\u00f5es no est\u00f4mago\u00a0.<\/p>\n","protected":false},"excerpt":{"rendered":"<p>A Ag\u00eancia Estadual de Vigil\u00e2ncia Sanit\u00e1ria (Agevisa\/PB) divulgou orienta\u00e7\u00f5es gerais para higiene das m\u00e3os, especialmente nos servi\u00e7os de aten\u00e7\u00e3o \u00e0 sa\u00fade, como parte da celebra\u00e7\u00e3o ao Dia Mundial de Higieniza\u00e7\u00e3o das M\u00e3os dados estabelecidos pela Organiza\u00e7\u00e3o Mundial de Sa\u00fade (OMS) como marco de destaque da higiene das m\u00e3os como pr\u00e1ticas necess\u00e1rias para prevenir doen\u00e7as e &hellip;<\/p>\n","protected":false},"author":1,"featured_media":116528,"comment_status":"open","ping_status":"open","sticky":false,"template":"","format":"standard","meta":{"footnotes":""},"categories":[2],"tags":[],"class_list":["post-135066","post","type-post","status-publish","format-standard","has-post-thumbnail","hentry","category-saude"],"_links":{"self":[{"href":"https:\/\/iparaiba.com.br\/index.php\/wp-json\/wp\/v2\/posts\/135066","targetHints":{"allow":["GET"]}}],"collection":[{"href":"https:\/\/iparaiba.com.br\/index.php\/wp-json\/wp\/v2\/posts"}],"about":[{"href":"https:\/\/iparaiba.com.br\/index.php\/wp-json\/wp\/v2\/types\/post"}],"author":[{"embeddable":true,"href":"https:\/\/iparaiba.com.br\/index.php\/wp-json\/wp\/v2\/users\/1"}],"replies":[{"embeddable":true,"href":"https:\/\/iparaiba.com.br\/index.php\/wp-json\/wp\/v2\/comments?post=135066"}],"version-history":[{"count":1,"href":"https:\/\/iparaiba.com.br\/index.php\/wp-json\/wp\/v2\/posts\/135066\/revisions"}],"predecessor-version":[{"id":135090,"href":"https:\/\/iparaiba.com.br\/index.php\/wp-json\/wp\/v2\/posts\/135066\/revisions\/135090"}],"wp:featuredmedia":[{"embeddable":true,"href":"https:\/\/iparaiba.com.br\/index.php\/wp-json\/wp\/v2\/media\/116528"}],"wp:attachment":[{"href":"https:\/\/iparaiba.com.br\/index.php\/wp-json\/wp\/v2\/media?parent=135066"}],"wp:term":[{"taxonomy":"category","embeddable":true,"href":"https:\/\/iparaiba.com.br\/index.php\/wp-json\/wp\/v2\/categories?post=135066"},{"taxonomy":"post_tag","embeddable":true,"href":"https:\/\/iparaiba.com.br\/index.php\/wp-json\/wp\/v2\/tags?post=135066"}],"curies":[{"name":"wp","href":"https:\/\/api.w.org\/{rel}","templated":true}]}}