{"id":135060,"date":"2025-06-04T10:00:52","date_gmt":"2025-06-04T13:00:52","guid":{"rendered":"https:\/\/onordeste.com.br\/?p=135060"},"modified":"2025-06-04T10:00:52","modified_gmt":"2025-06-04T13:00:52","slug":"cmjp-aprova-projeto-de-incentivo-financeiro-educacional","status":"publish","type":"post","link":"https:\/\/iparaiba.com.br\/index.php\/2025\/06\/04\/cmjp-aprova-projeto-de-incentivo-financeiro-educacional\/","title":{"rendered":"CMJP aprova projeto de incentivo financeiro educacional"},"content":{"rendered":"<p align=\"justify\">A C\u00e2mara Municipal de Jo\u00e3o Pessoa (CMJP) aprovou tr\u00eas assuntos legislativos durante a sess\u00e3o ordin\u00e1ria. Dentre eles destacam-se os Projetos de Lei Ordin\u00e1ria (PLO) que viabilizam o programa municipal de incentivo financeiro educacional &#8216;Iniciativa Futuro&#8217;, amplamente conhecido como &#8216;P\u00e9 de meia&#8217;.<\/p>\n<p align=\"justify\"><span lang=\"pt-BR\">O<\/span>\u00a0<span lang=\"pt-BR\">programa<\/span>\u00a0<span lang=\"pt-BR\">&#8216;Iniciativa Futuro&#8217;, de incentivo financeiro educacional direcionado para estudantes do 8\u00ba e 9\u00ba anos e do ciclo IV da EJA (Educa\u00e7\u00e3o de Jovens e Adultos), tem como objetivo beneficiar financeiramente alunos que se destacam pela dedica\u00e7\u00e3o, aprendizagem e frequ\u00eancia na escola. De acordo com o<\/span>\u00a0<span lang=\"pt-BR\">projeto<\/span>\u00a0<span lang=\"pt-BR\">, a iniciativa pretende fomentar a frequ\u00eancia regular dos estudantes, buscando a melhoria dos \u00edndices de aprendizagem, a vincula\u00e7\u00e3o deles em atividades curriculares integradas no contra turno escolar e a conclus\u00e3o do ensino fundamental.<\/span><\/p>\n<p align=\"justify\"><span lang=\"pt-BR\">De autoria do Executivo Municipal, os materiais colaborativos<\/span>\u00a0<span lang=\"pt-BR\">relacionados ao programa s\u00e3o: o PLO<\/span>\u00a0<span lang=\"zxx\"><u><a href=\"https:\/\/sapl.joaopessoa.pb.leg.br\/media\/sapl\/public\/materialegislativa\/2025\/185037\/mensagem_055_-_plo_-_cria_programa_iniciativa_futuro_pe_de_meia.pdf\" target=\"_blank\" rel=\"noopener\"><span lang=\"pt-BR\">243\/2025<\/span><\/a><\/u><\/span>\u00a0<span lang=\"pt-BR\">, que disp\u00f5e sobre a cria\u00e7\u00e3o do Programa Iniciativa Futuro, P\u00e9 de Meia Municipal<\/span>\u00a0<span lang=\"pt-BR\">;<\/span>\u00a0<span lang=\"pt-BR\">o PLO<\/span>\u00a0<span lang=\"zxx\"><u><a href=\"https:\/\/sapl.joaopessoa.pb.leg.br\/media\/sapl\/public\/materialegislativa\/2025\/185038\/mensagem_056_-_plo_-_cria_programa_incentivo_financ.pdf\" target=\"_blank\" rel=\"noopener\"><span lang=\"pt-BR\">244\/2025<\/span><\/a><\/u><\/span>\u00a0<span lang=\"pt-BR\">, que disp\u00f5e sobre a cria\u00e7\u00e3o do programa de incentivo financeiro educacional, na modalidade de poupan\u00e7a, para estudantes matriculados na Rede Municipal de Ensino de Jo\u00e3o Pessoa; e o PLO<\/span>\u00a0<span lang=\"zxx\"><u><a href=\"https:\/\/sapl.joaopessoa.pb.leg.br\/media\/sapl\/public\/materialegislativa\/2025\/184303\/mensagem_043_-_plo_-_abertura_de_credito_especial_na_sedec_-_r_15.000.000.00.pdf\" target=\"_blank\" rel=\"noopener\"><span lang=\"pt-BR\">206\/2025<\/span><\/a><\/u><\/span>\u00a0<span lang=\"pt-BR\">, que autoriza a abertura de cr\u00e9dito especial na Secretaria Municipal de Educa\u00e7\u00e3o e Cultura, no valor de R$ 15 milh\u00f5es, destinado<\/span>\u00a0<span lang=\"pt-BR\">ao<\/span>\u00a0<span lang=\"pt-BR\">programa.<\/span><\/p>\n<p align=\"justify\"><span lang=\"pt-BR\">A vereadora Jailma Carvalho (PSB) ressaltou a necessidade de pol\u00edticas p\u00fablicas de incentivo ao estudo. &#8220;Gostaria de destacar esse programa e de pol\u00edticas p\u00fablicas que possam oferecer a oportunidade de estudar a quem mais precisa. A educa\u00e7\u00e3o \u00e9 a chave para transformar a nossa realidade&#8221;, afirmou o parlamentar, salientando que, da mesma forma que votou favor\u00e1vel \u00e0 iniciativa, vai fiscalizar a sua aplica\u00e7\u00e3o.<\/span><\/p>\n<p align=\"justify\">&#8221;\u00a0<span lang=\"pt-BR\">Vejo a import\u00e2ncia de fortalecer a busca pelo conhecimento. \u00c9 louv\u00e1vel o est\u00edmulo a esses jovens&#8221;, declarou Carl\u00e3o (PL), indicando a exclus\u00e3o do nome &#8216;P\u00e9 de Meia&#8217;, para que n\u00e3o haja brilho com o programa a n\u00edvel nacional. O vereador F\u00e1bio Carneiro (SDD) destacou a import\u00e2ncia do programa. &#8220;Todo investimento para educa\u00e7\u00e3o no pa\u00eds \u00e9 pouco.<\/span>\u00a0<span lang=\"pt-BR\">O<\/span>\u00a0<span lang=\"pt-BR\">que importa \u00e9 o benef\u00edcio ben\u00e9fico a quem vai receber esse recurso&#8221;, destacou, sendo acompanhado por M\u00f4 Lima(PP). &#8220;Parabenizo a todos que sabem o valor do estudante. Todo investimento em educa\u00e7\u00e3o tem um retorno&#8221;, enfatizou M\u00f4 Lima, parabenizando a prefeitura pelo projeto.<\/span><\/p>\n<p align=\"justify\">CMJP<\/p>\n","protected":false},"excerpt":{"rendered":"<p>A C\u00e2mara Municipal de Jo\u00e3o Pessoa (CMJP) aprovou tr\u00eas assuntos legislativos durante a sess\u00e3o ordin\u00e1ria. Dentre eles destacam-se os Projetos de Lei Ordin\u00e1ria (PLO) que viabilizam o programa municipal de incentivo financeiro educacional &#8216;Iniciativa Futuro&#8217;, amplamente conhecido como &#8216;P\u00e9 de meia&#8217;. O\u00a0programa\u00a0&#8216;Iniciativa Futuro&#8217;, de incentivo financeiro educacional direcionado para estudantes do 8\u00ba e 9\u00ba anos &hellip;<\/p>\n","protected":false},"author":1,"featured_media":115224,"comment_status":"open","ping_status":"open","sticky":false,"template":"","format":"standard","meta":{"footnotes":""},"categories":[8],"tags":[],"class_list":["post-135060","post","type-post","status-publish","format-standard","has-post-thumbnail","hentry","category-politica"],"_links":{"self":[{"href":"https:\/\/iparaiba.com.br\/index.php\/wp-json\/wp\/v2\/posts\/135060","targetHints":{"allow":["GET"]}}],"collection":[{"href":"https:\/\/iparaiba.com.br\/index.php\/wp-json\/wp\/v2\/posts"}],"about":[{"href":"https:\/\/iparaiba.com.br\/index.php\/wp-json\/wp\/v2\/types\/post"}],"author":[{"embeddable":true,"href":"https:\/\/iparaiba.com.br\/index.php\/wp-json\/wp\/v2\/users\/1"}],"replies":[{"embeddable":true,"href":"https:\/\/iparaiba.com.br\/index.php\/wp-json\/wp\/v2\/comments?post=135060"}],"version-history":[{"count":1,"href":"https:\/\/iparaiba.com.br\/index.php\/wp-json\/wp\/v2\/posts\/135060\/revisions"}],"predecessor-version":[{"id":135087,"href":"https:\/\/iparaiba.com.br\/index.php\/wp-json\/wp\/v2\/posts\/135060\/revisions\/135087"}],"wp:featuredmedia":[{"embeddable":true,"href":"https:\/\/iparaiba.com.br\/index.php\/wp-json\/wp\/v2\/media\/115224"}],"wp:attachment":[{"href":"https:\/\/iparaiba.com.br\/index.php\/wp-json\/wp\/v2\/media?parent=135060"}],"wp:term":[{"taxonomy":"category","embeddable":true,"href":"https:\/\/iparaiba.com.br\/index.php\/wp-json\/wp\/v2\/categories?post=135060"},{"taxonomy":"post_tag","embeddable":true,"href":"https:\/\/iparaiba.com.br\/index.php\/wp-json\/wp\/v2\/tags?post=135060"}],"curies":[{"name":"wp","href":"https:\/\/api.w.org\/{rel}","templated":true}]}}