{"id":135059,"date":"2025-06-04T08:00:19","date_gmt":"2025-06-04T11:00:19","guid":{"rendered":"https:\/\/onordeste.com.br\/?p=135058"},"modified":"2025-06-04T08:00:19","modified_gmt":"2025-06-04T11:00:19","slug":"alpb-aprova-inclusao-para-alunos-com-tea-ou-sindrome-de-down-em-escolas","status":"publish","type":"post","link":"https:\/\/iparaiba.com.br\/index.php\/2025\/06\/04\/alpb-aprova-inclusao-para-alunos-com-tea-ou-sindrome-de-down-em-escolas\/","title":{"rendered":"ALPB aprova inclus\u00e3o para alunos com TEA ou S\u00edndrome de Down em escolas"},"content":{"rendered":"<p>A Assembleia Legislativa da Para\u00edba (ALPB) aprovou por unanimidade o Projeto de Lei (PL) 3.589\/2025, de autoria do presidente da Casa, deputado Adriano Galdino, que obriga as escolas p\u00fablicas e privadas do estado a disponibilizarem os assentos nas primeiras filas das salas de aula para alunos com S\u00edndrome de Down e Transtorno do Espectro Autista (TEA).<\/p>\n<p>O PL, inscrito por outros parlamentares, busca criar um ambiente escolar mais acess\u00edvel e inclusivo, facilitando a comunica\u00e7\u00e3o entre alunos e professores e reduzindo est\u00edmulos que possam provocar distra\u00e7\u00f5es, de modo a garantir o pleno desenvolvimento educacional dessas crian\u00e7as.<\/p>\n<p>O deputado Adriano Galdino revelou que \u201ca mat\u00e9ria tem o DNA de m\u00e3es com filhos autistas e com S\u00edndrome de Downs, que atendeu a necessidade desta demanda com o prop\u00f3sito de contribuir com o desenvolvimento escolar das crian\u00e7as\u201d. Para o presidente, a aprova\u00e7\u00e3o da proposta representa um avan\u00e7o nas pol\u00edticas de inclus\u00e3o do estado.<\/p>\n<p>&#8220;Esta \u00e9 uma vit\u00f3ria da cidadania e do respeito \u00e0 diversidade. Nosso objetivo \u00e9 garantir que esses alunos tenham as condi\u00e7\u00f5es de aprendizagem, com acolhimento, proximidade e aten\u00e7\u00e3o \u00e0s suas melhores necessidades espec\u00edficas&#8221;, afirmou o parlamentar. A lei estabelece ainda que as institui\u00e7\u00f5es ter\u00e3o 120 dias para se adequar \u00e0s novas normas e prev\u00ea a capacita\u00e7\u00e3o de professores e a fiscaliza\u00e7\u00e3o por parte da Secretaria Estadual de Educa\u00e7\u00e3o.<\/p>\n","protected":false},"excerpt":{"rendered":"<p>A Assembleia Legislativa da Para\u00edba (ALPB) aprovou por unanimidade o Projeto de Lei (PL) 3.589\/2025, de autoria do presidente da Casa, deputado Adriano Galdino, que obriga as escolas p\u00fablicas e privadas do estado a disponibilizarem os assentos nas primeiras filas das salas de aula para alunos com S\u00edndrome de Down e Transtorno do Espectro Autista &hellip;<\/p>\n","protected":false},"author":1,"featured_media":134147,"comment_status":"open","ping_status":"open","sticky":false,"template":"","format":"standard","meta":{"footnotes":""},"categories":[8],"tags":[],"class_list":["post-135059","post","type-post","status-publish","format-standard","has-post-thumbnail","hentry","category-politica"],"_links":{"self":[{"href":"https:\/\/iparaiba.com.br\/index.php\/wp-json\/wp\/v2\/posts\/135059","targetHints":{"allow":["GET"]}}],"collection":[{"href":"https:\/\/iparaiba.com.br\/index.php\/wp-json\/wp\/v2\/posts"}],"about":[{"href":"https:\/\/iparaiba.com.br\/index.php\/wp-json\/wp\/v2\/types\/post"}],"author":[{"embeddable":true,"href":"https:\/\/iparaiba.com.br\/index.php\/wp-json\/wp\/v2\/users\/1"}],"replies":[{"embeddable":true,"href":"https:\/\/iparaiba.com.br\/index.php\/wp-json\/wp\/v2\/comments?post=135059"}],"version-history":[{"count":1,"href":"https:\/\/iparaiba.com.br\/index.php\/wp-json\/wp\/v2\/posts\/135059\/revisions"}],"predecessor-version":[{"id":135086,"href":"https:\/\/iparaiba.com.br\/index.php\/wp-json\/wp\/v2\/posts\/135059\/revisions\/135086"}],"wp:featuredmedia":[{"embeddable":true,"href":"https:\/\/iparaiba.com.br\/index.php\/wp-json\/wp\/v2\/media\/134147"}],"wp:attachment":[{"href":"https:\/\/iparaiba.com.br\/index.php\/wp-json\/wp\/v2\/media?parent=135059"}],"wp:term":[{"taxonomy":"category","embeddable":true,"href":"https:\/\/iparaiba.com.br\/index.php\/wp-json\/wp\/v2\/categories?post=135059"},{"taxonomy":"post_tag","embeddable":true,"href":"https:\/\/iparaiba.com.br\/index.php\/wp-json\/wp\/v2\/tags?post=135059"}],"curies":[{"name":"wp","href":"https:\/\/api.w.org\/{rel}","templated":true}]}}