{"id":135052,"date":"2025-06-03T08:10:33","date_gmt":"2025-06-03T11:10:33","guid":{"rendered":"https:\/\/onordeste.com.br\/?p=135044"},"modified":"2025-06-03T08:10:33","modified_gmt":"2025-06-03T11:10:33","slug":"detran-promove-novo-leilao-eletronico-com-443-veiculos","status":"publish","type":"post","link":"https:\/\/iparaiba.com.br\/index.php\/2025\/06\/03\/detran-promove-novo-leilao-eletronico-com-443-veiculos\/","title":{"rendered":"Detran promove novo leil\u00e3o eletr\u00f4nico com 443 ve\u00edculos"},"content":{"rendered":"<p>Com o objetivo de esvaziar os p\u00e1tios do \u00f3rg\u00e3o em todo o estado, o Departamento Estadual de Tr\u00e2nsito da Para\u00edba (Detran-PB) realiza novo leil\u00e3o eletr\u00f4nico no pr\u00f3ximo dia 9 de junho, \u00e0s 9h, disponibilizando 443 ve\u00edculos apreendidos e n\u00e3o resgatados no munic\u00edpio de Jo\u00e3o Pessoa. A visita\u00e7\u00e3o para inspe\u00e7\u00e3o presencial dos interessados come\u00e7a nesta segunda-feira (2) at\u00e9 a quinta-feira (5), no p\u00e1tio da sede do Detran, em Mangabeira VII.<\/p>\n<p>O leil\u00e3o, exclusivamente na modalidade on-line, disponibiliza ve\u00edculos classificados como conservados e como sucatas, apreendidos e removidos ao p\u00e1tio do Detran Sede, em Jo\u00e3o Pessoa, por circularem em desacordo com o que disciplina o C\u00f3digo de Tr\u00e2nsito Brasileiro (CTB).<\/p>\n<p>De acordo com o Edital n\u00ba 13\/2025, o evento ocorrer\u00e1 por meio do site do leiloeiro oficial\u00a0<a href=\"http:\/\/www.vlleiloes.com.br\/\">www.vlleiloes.com.br<\/a>, onde se encontram as imagens dos ve\u00edculos para visita\u00e7\u00e3o virtual e oferta de lances. A transmiss\u00e3o dos dados desses bens ocorre de forma eletr\u00f4nica, sem uso de papel, e o pagamento das despesas previstas em lei tamb\u00e9m \u00e9 autom\u00e1tico, proporcionando mais seguran\u00e7a e transpar\u00eancia a todo o processo.<\/p>\n<p>Para participar do leil\u00e3o de forma on-line basta acessar o site indicado, realizar o cadastro e ofertar seus lances via internet, acompanhando os lances de terceiros. Ainda de acordo com o edital, o valor m\u00ednimo de venda do ve\u00edculo deve ser igual ou maior que o valor da avalia\u00e7\u00e3o.<\/p>\n<p>Tanto pessoa f\u00edsica quanto jur\u00eddica podem participar do leil\u00e3o, desde que preencham os requisitos contidos no edital, dispon\u00edveis no site\u00a0<a href=\"http:\/\/www.detran.pb.gov.br\/\">www.detran.pb.gov.br<\/a>. Para visualizar, basta entrar no \u00edcone \u2018LEIL\u00c3O\u2019, depois clicar em \u2018Leil\u00f5es 2025\u2019 e, em seguida, escolher qual deseja consultar, de acordo com os n\u00fameros dos editais.<\/p>\n<p><b>Servi\u00e7o:<\/b><\/p>\n<ul>\n<li><b>Leil\u00e3o do Detran-PB na modalidade on-line<\/b><\/li>\n<li><b>Data:<\/b>\u00a09 de junho<\/li>\n<li><b>Visita\u00e7\u00e3o presencial:<\/b>\u00a0Dias 2 a 5 de junho, das 8h \u00e0s 11h e das 14h \u00e0s 16h, na Rua Em\u00edlia Batista Celane, S\/N \u2013 Mangabeira VII, Jo\u00e3o Pessoa-PB (Detran Sede)<\/li>\n<li><b>Total<\/b><b>:\u00a0<\/b>443 ve\u00edculos<\/li>\n<\/ul>\n","protected":false},"excerpt":{"rendered":"<p>Com o objetivo de esvaziar os p\u00e1tios do \u00f3rg\u00e3o em todo o estado, o Departamento Estadual de Tr\u00e2nsito da Para\u00edba (Detran-PB) realiza novo leil\u00e3o eletr\u00f4nico no pr\u00f3ximo dia 9 de junho, \u00e0s 9h, disponibilizando 443 ve\u00edculos apreendidos e n\u00e3o resgatados no munic\u00edpio de Jo\u00e3o Pessoa. A visita\u00e7\u00e3o para inspe\u00e7\u00e3o presencial dos interessados come\u00e7a nesta segunda-feira &hellip;<\/p>\n","protected":false},"author":1,"featured_media":123152,"comment_status":"open","ping_status":"open","sticky":false,"template":"","format":"standard","meta":{"footnotes":""},"categories":[15],"tags":[],"class_list":["post-135052","post","type-post","status-publish","format-standard","has-post-thumbnail","hentry","category-links"],"_links":{"self":[{"href":"https:\/\/iparaiba.com.br\/index.php\/wp-json\/wp\/v2\/posts\/135052","targetHints":{"allow":["GET"]}}],"collection":[{"href":"https:\/\/iparaiba.com.br\/index.php\/wp-json\/wp\/v2\/posts"}],"about":[{"href":"https:\/\/iparaiba.com.br\/index.php\/wp-json\/wp\/v2\/types\/post"}],"author":[{"embeddable":true,"href":"https:\/\/iparaiba.com.br\/index.php\/wp-json\/wp\/v2\/users\/1"}],"replies":[{"embeddable":true,"href":"https:\/\/iparaiba.com.br\/index.php\/wp-json\/wp\/v2\/comments?post=135052"}],"version-history":[{"count":1,"href":"https:\/\/iparaiba.com.br\/index.php\/wp-json\/wp\/v2\/posts\/135052\/revisions"}],"predecessor-version":[{"id":135079,"href":"https:\/\/iparaiba.com.br\/index.php\/wp-json\/wp\/v2\/posts\/135052\/revisions\/135079"}],"wp:featuredmedia":[{"embeddable":true,"href":"https:\/\/iparaiba.com.br\/index.php\/wp-json\/wp\/v2\/media\/123152"}],"wp:attachment":[{"href":"https:\/\/iparaiba.com.br\/index.php\/wp-json\/wp\/v2\/media?parent=135052"}],"wp:term":[{"taxonomy":"category","embeddable":true,"href":"https:\/\/iparaiba.com.br\/index.php\/wp-json\/wp\/v2\/categories?post=135052"},{"taxonomy":"post_tag","embeddable":true,"href":"https:\/\/iparaiba.com.br\/index.php\/wp-json\/wp\/v2\/tags?post=135052"}],"curies":[{"name":"wp","href":"https:\/\/api.w.org\/{rel}","templated":true}]}}