{"id":135049,"date":"2025-06-02T17:03:16","date_gmt":"2025-06-02T20:03:16","guid":{"rendered":"https:\/\/onordeste.com.br\/?p=135038"},"modified":"2025-06-02T17:03:16","modified_gmt":"2025-06-02T20:03:16","slug":"sudema-divulga-programacao-da-semana-do-meio-ambiente","status":"publish","type":"post","link":"https:\/\/iparaiba.com.br\/index.php\/2025\/06\/02\/sudema-divulga-programacao-da-semana-do-meio-ambiente\/","title":{"rendered":"Sudema divulga programa\u00e7\u00e3o da Semana do Meio Ambiente"},"content":{"rendered":"<p>Uma semana de debates, reflex\u00e3o, educa\u00e7\u00e3o e a\u00e7\u00e3o ambiental em diversas regi\u00f5es do estado. Assim ser\u00e1 a Semana do Meio Ambiente, que teve a programa\u00e7\u00e3o oficial divulgada pela Superintend\u00eancia de Administra\u00e7\u00e3o do Meio Ambiente (Sudema) e pela Secretaria de Estado de Meio Ambiente e Sustentabilidade (Semas). As atividades ocorrem a partir da pr\u00f3xima segunda-feira (2), quando ser\u00e1 realizada a abertura oficial \u00e0s 9h no Jardim Bot\u00e2nico Benjamin Maranh\u00e3o. At\u00e9 o dia 6 de junho, ainda acontecer\u00e3o palestras, exposi\u00e7\u00f5es, a\u00e7\u00f5es educativas e distribui\u00e7\u00e3o de mudas.<\/p>\n<p>\u201cA Semana do Meio Ambiente \u00e9 um momento estrat\u00e9gico para ampliar o di\u00e1logo com a popula\u00e7\u00e3o e levar conhecimento sobre temas que afetam diretamente a nossa qualidade de vida. Este ano, queremos mostrar que o combate \u00e0 polui\u00e7\u00e3o depende de escolhas conscientes no dia a dia, e que a\u00e7\u00f5es simples podem gerar grandes mudan\u00e7as\u201d, afirmou o superintendente da Sudema, Marcelo Cavalcanti.<\/p>\n<p>No decorrer da semana, a programa\u00e7\u00e3o vai percorrer ainda as cidades de Sousa e Monteiro. No Sert\u00e3o do estado a atividade acontece na ter\u00e7a-feira (3) no Monumento Natural Vale dos Dinossauros. J\u00e1 na quarta-feira (4) as equipes estar\u00e3o no Cariri, com a\u00e7\u00f5es referentes ao programa Nascente Viva, de preserva\u00e7\u00e3o e recupera\u00e7\u00e3o de matas ciliares. Na quinta-feira (5), as atividades acontecem na UFPB, com palestra do professor Dr. Eduardo de Lima e lan\u00e7amento do e-book \u201cCasos emblem\u00e1ticos da Sudema\u201d. O encerramento ser\u00e1 na PBTur, com palestra da professora Dra. Monica Pereira e oficina com estudantes do projeto #rECIcla.<\/p>\n","protected":false},"excerpt":{"rendered":"<p>Uma semana de debates, reflex\u00e3o, educa\u00e7\u00e3o e a\u00e7\u00e3o ambiental em diversas regi\u00f5es do estado. Assim ser\u00e1 a Semana do Meio Ambiente, que teve a programa\u00e7\u00e3o oficial divulgada pela Superintend\u00eancia de Administra\u00e7\u00e3o do Meio Ambiente (Sudema) e pela Secretaria de Estado de Meio Ambiente e Sustentabilidade (Semas). As atividades ocorrem a partir da pr\u00f3xima segunda-feira (2), &hellip;<\/p>\n","protected":false},"author":1,"featured_media":116658,"comment_status":"open","ping_status":"open","sticky":false,"template":"","format":"standard","meta":{"footnotes":""},"categories":[15],"tags":[],"class_list":["post-135049","post","type-post","status-publish","format-standard","has-post-thumbnail","hentry","category-links"],"_links":{"self":[{"href":"https:\/\/iparaiba.com.br\/index.php\/wp-json\/wp\/v2\/posts\/135049","targetHints":{"allow":["GET"]}}],"collection":[{"href":"https:\/\/iparaiba.com.br\/index.php\/wp-json\/wp\/v2\/posts"}],"about":[{"href":"https:\/\/iparaiba.com.br\/index.php\/wp-json\/wp\/v2\/types\/post"}],"author":[{"embeddable":true,"href":"https:\/\/iparaiba.com.br\/index.php\/wp-json\/wp\/v2\/users\/1"}],"replies":[{"embeddable":true,"href":"https:\/\/iparaiba.com.br\/index.php\/wp-json\/wp\/v2\/comments?post=135049"}],"version-history":[{"count":1,"href":"https:\/\/iparaiba.com.br\/index.php\/wp-json\/wp\/v2\/posts\/135049\/revisions"}],"predecessor-version":[{"id":135076,"href":"https:\/\/iparaiba.com.br\/index.php\/wp-json\/wp\/v2\/posts\/135049\/revisions\/135076"}],"wp:featuredmedia":[{"embeddable":true,"href":"https:\/\/iparaiba.com.br\/index.php\/wp-json\/wp\/v2\/media\/116658"}],"wp:attachment":[{"href":"https:\/\/iparaiba.com.br\/index.php\/wp-json\/wp\/v2\/media?parent=135049"}],"wp:term":[{"taxonomy":"category","embeddable":true,"href":"https:\/\/iparaiba.com.br\/index.php\/wp-json\/wp\/v2\/categories?post=135049"},{"taxonomy":"post_tag","embeddable":true,"href":"https:\/\/iparaiba.com.br\/index.php\/wp-json\/wp\/v2\/tags?post=135049"}],"curies":[{"name":"wp","href":"https:\/\/api.w.org\/{rel}","templated":true}]}}