{"id":135048,"date":"2025-06-02T15:02:07","date_gmt":"2025-06-02T18:02:07","guid":{"rendered":"https:\/\/onordeste.com.br\/?p=135036"},"modified":"2025-06-02T15:02:07","modified_gmt":"2025-06-02T18:02:07","slug":"trauma-lanca-campanha-de-prevencao-as-queimaduras-durante-periodo-junino","status":"publish","type":"post","link":"https:\/\/iparaiba.com.br\/index.php\/2025\/06\/02\/trauma-lanca-campanha-de-prevencao-as-queimaduras-durante-periodo-junino\/","title":{"rendered":"Trauma lan\u00e7a campanha de preven\u00e7\u00e3o \u00e0s queimaduras durante per\u00edodo junino"},"content":{"rendered":"<p>OHospital Estadual de Emerg\u00eancia e Trauma Senador Humberto Lucena, unidade do Governo da Para\u00edba em Jo\u00e3o Pessoa, lan\u00e7a nesta segunda-feira (2), \u00e0s 10h, a 23\u00aa edi\u00e7\u00e3o da Campanha de Preven\u00e7\u00e3o \u00e0s Queimaduras \u2013 Marcas que Ficam Para Sempre. O evento ser\u00e1 realizado no audit\u00f3rio da Funda\u00e7\u00e3o Centro Integrado de Apoio \u00e0 Pessoa com Defici\u00eancia (Funad), localizada ao lado do hospital.<\/p>\n<p>A iniciativa tem como foco principal alertar sobre os riscos de acidentes com queimaduras, especialmente durante o per\u00edodo junino, quando h\u00e1 um aumento significativo nos atendimentos relacionados ao uso de fogueiras, fogos de artif\u00edcio e l\u00edquidos quentes.<\/p>\n<p>Durante a abertura da campanha, ser\u00e3o apresentados dados estat\u00edsticos de v\u00edtimas de queimaduras, al\u00e9m de uma palestra voltada para os alunos da Escola de Educa\u00e7\u00e3o Especial Ana Paula Ribeiro Barbosa Lira. Tamb\u00e9m ser\u00e1 divulgada a programa\u00e7\u00e3o completa das a\u00e7\u00f5es educativas da campanha.<\/p>\n<p>Dados do setor de estat\u00edstica do hospital apontam um crescimento preocupante: em junho de 2024, 131 pessoas foram atendidas v\u00edtimas de queimaduras, um aumento de 18% em compara\u00e7\u00e3o com o mesmo per\u00edodo de 2023, quando foram registrados 111 casos.<\/p>\n<p>Segundo o diretor-geral do hospital, Laecio Bragante, mais de 30% dos atendimentos na Unidade de Tratamento de Queimados (UTQ) durante o m\u00eas de junho s\u00e3o provocados por fogos, fogueiras e l\u00edquidos em alta temperatura.<\/p>\n<p>\u201cDurante os festejos juninos, os acidentes com fogos e fogueiras representam cerca de um ter\u00e7o dos casos atendidos pela UTQ. A campanha tem como objetivo sensibilizar a popula\u00e7\u00e3o para evitar esse tipo de ocorr\u00eancia e, assim, salvar vidas e prevenir sequelas graves\u201d, destacou o diretor.<\/p>\n","protected":false},"excerpt":{"rendered":"<p>OHospital Estadual de Emerg\u00eancia e Trauma Senador Humberto Lucena, unidade do Governo da Para\u00edba em Jo\u00e3o Pessoa, lan\u00e7a nesta segunda-feira (2), \u00e0s 10h, a 23\u00aa edi\u00e7\u00e3o da Campanha de Preven\u00e7\u00e3o \u00e0s Queimaduras \u2013 Marcas que Ficam Para Sempre. O evento ser\u00e1 realizado no audit\u00f3rio da Funda\u00e7\u00e3o Centro Integrado de Apoio \u00e0 Pessoa com Defici\u00eancia (Funad), &hellip;<\/p>\n","protected":false},"author":1,"featured_media":123454,"comment_status":"open","ping_status":"open","sticky":false,"template":"","format":"standard","meta":{"footnotes":""},"categories":[3],"tags":[],"class_list":["post-135048","post","type-post","status-publish","format-standard","has-post-thumbnail","hentry","category-nordeste"],"_links":{"self":[{"href":"https:\/\/iparaiba.com.br\/index.php\/wp-json\/wp\/v2\/posts\/135048","targetHints":{"allow":["GET"]}}],"collection":[{"href":"https:\/\/iparaiba.com.br\/index.php\/wp-json\/wp\/v2\/posts"}],"about":[{"href":"https:\/\/iparaiba.com.br\/index.php\/wp-json\/wp\/v2\/types\/post"}],"author":[{"embeddable":true,"href":"https:\/\/iparaiba.com.br\/index.php\/wp-json\/wp\/v2\/users\/1"}],"replies":[{"embeddable":true,"href":"https:\/\/iparaiba.com.br\/index.php\/wp-json\/wp\/v2\/comments?post=135048"}],"version-history":[{"count":1,"href":"https:\/\/iparaiba.com.br\/index.php\/wp-json\/wp\/v2\/posts\/135048\/revisions"}],"predecessor-version":[{"id":135075,"href":"https:\/\/iparaiba.com.br\/index.php\/wp-json\/wp\/v2\/posts\/135048\/revisions\/135075"}],"wp:featuredmedia":[{"embeddable":true,"href":"https:\/\/iparaiba.com.br\/index.php\/wp-json\/wp\/v2\/media\/123454"}],"wp:attachment":[{"href":"https:\/\/iparaiba.com.br\/index.php\/wp-json\/wp\/v2\/media?parent=135048"}],"wp:term":[{"taxonomy":"category","embeddable":true,"href":"https:\/\/iparaiba.com.br\/index.php\/wp-json\/wp\/v2\/categories?post=135048"},{"taxonomy":"post_tag","embeddable":true,"href":"https:\/\/iparaiba.com.br\/index.php\/wp-json\/wp\/v2\/tags?post=135048"}],"curies":[{"name":"wp","href":"https:\/\/api.w.org\/{rel}","templated":true}]}}