{"id":135027,"date":"2025-05-26T08:05:15","date_gmt":"2025-05-26T11:05:15","guid":{"rendered":"https:\/\/onordeste.com.br\/?p=134982"},"modified":"2025-05-26T08:05:15","modified_gmt":"2025-05-26T11:05:15","slug":"80-anos-da-vitoria-da-forca-expedicionaria-brasileira-na-segunda-guerra-mundial","status":"publish","type":"post","link":"https:\/\/iparaiba.com.br\/index.php\/2025\/05\/26\/80-anos-da-vitoria-da-forca-expedicionaria-brasileira-na-segunda-guerra-mundial\/","title":{"rendered":"80 anos da vit\u00f3ria da For\u00e7a Expedicion\u00e1ria Brasileira na Segunda Guerra Mundial"},"content":{"rendered":"<p>A Assembleia Legislativa da Para\u00edba (ALPB) realizou sess\u00e3o especial em comemora\u00e7\u00e3o aos 80 anos da vit\u00f3ria da For\u00e7a Expedicion\u00e1ria Brasileira (FEB) na Segunda Grande Guerra Mundial (1939-1945), assim como, da atua\u00e7\u00e3o da FEB na Campanha da It\u00e1lia e do Dia da Vit\u00f3ria (8 de maio de 1945). A homenagem foi proposta pelos deputados Jo\u00e3o Gon\u00e7alves e F\u00e9lix Ara\u00fajo.<\/p>\n<p>O ano de 2025 marca os 80 anos de participa\u00e7\u00e3o do Brasil na 2\u00aa Guerra Mundial, e na Para\u00edba, por sua localiza\u00e7\u00e3o geogr\u00e1fica, tornou-se territ\u00f3rio determinante para que fosse inclu\u00eddo na Zona de Guerra Brasileira e no Teatro de Opera\u00e7\u00f5es Nordeste. O deputado estadual Jo\u00e3o Gon\u00e7alves lembrou que diversos paraibanos deixaram as suas marcas na Hist\u00f3ria do Brasil e da Para\u00edba, a exemplo do 2\u00b0 Sargento F\u00e9lix de Sousa Ara\u00fajo, o pai do deputado estadual F\u00e9lix Ara\u00fajo; do doutor Ruy Carneiro; do Marechal Henrique Batista Duftles Teixeira Lott; do Marechal Aur\u00e9lio de Lyra Tavares; do General Reynaldo Mello de Almeida; do General Roberto de Pessoa; do General Floriano de Lima Brayner; General Delmiro Pereira de Andrade; General Edson Am\u00e2ncio Ramalho; dentre outros.<\/p>\n","protected":false},"excerpt":{"rendered":"<p>A Assembleia Legislativa da Para\u00edba (ALPB) realizou sess\u00e3o especial em comemora\u00e7\u00e3o aos 80 anos da vit\u00f3ria da For\u00e7a Expedicion\u00e1ria Brasileira (FEB) na Segunda Grande Guerra Mundial (1939-1945), assim como, da atua\u00e7\u00e3o da FEB na Campanha da It\u00e1lia e do Dia da Vit\u00f3ria (8 de maio de 1945). A homenagem foi proposta pelos deputados Jo\u00e3o Gon\u00e7alves &hellip;<\/p>\n","protected":false},"author":1,"featured_media":134688,"comment_status":"open","ping_status":"open","sticky":false,"template":"","format":"standard","meta":{"footnotes":""},"categories":[18],"tags":[],"class_list":["post-135027","post","type-post","status-publish","format-standard","has-post-thumbnail","hentry","category-brasil"],"_links":{"self":[{"href":"https:\/\/iparaiba.com.br\/index.php\/wp-json\/wp\/v2\/posts\/135027","targetHints":{"allow":["GET"]}}],"collection":[{"href":"https:\/\/iparaiba.com.br\/index.php\/wp-json\/wp\/v2\/posts"}],"about":[{"href":"https:\/\/iparaiba.com.br\/index.php\/wp-json\/wp\/v2\/types\/post"}],"author":[{"embeddable":true,"href":"https:\/\/iparaiba.com.br\/index.php\/wp-json\/wp\/v2\/users\/1"}],"replies":[{"embeddable":true,"href":"https:\/\/iparaiba.com.br\/index.php\/wp-json\/wp\/v2\/comments?post=135027"}],"version-history":[{"count":0,"href":"https:\/\/iparaiba.com.br\/index.php\/wp-json\/wp\/v2\/posts\/135027\/revisions"}],"wp:featuredmedia":[{"embeddable":true,"href":"https:\/\/iparaiba.com.br\/index.php\/wp-json\/wp\/v2\/media\/134688"}],"wp:attachment":[{"href":"https:\/\/iparaiba.com.br\/index.php\/wp-json\/wp\/v2\/media?parent=135027"}],"wp:term":[{"taxonomy":"category","embeddable":true,"href":"https:\/\/iparaiba.com.br\/index.php\/wp-json\/wp\/v2\/categories?post=135027"},{"taxonomy":"post_tag","embeddable":true,"href":"https:\/\/iparaiba.com.br\/index.php\/wp-json\/wp\/v2\/tags?post=135027"}],"curies":[{"name":"wp","href":"https:\/\/api.w.org\/{rel}","templated":true}]}}