{"id":135026,"date":"2025-05-26T08:04:23","date_gmt":"2025-05-26T11:04:23","guid":{"rendered":"https:\/\/onordeste.com.br\/?p=134980"},"modified":"2025-05-26T08:04:23","modified_gmt":"2025-05-26T11:04:23","slug":"alpb-debate-melhorias-nas-condicoes-de-trabalho-de-musicos","status":"publish","type":"post","link":"https:\/\/iparaiba.com.br\/index.php\/2025\/05\/26\/alpb-debate-melhorias-nas-condicoes-de-trabalho-de-musicos\/","title":{"rendered":"ALPB debate melhorias nas condi\u00e7\u00f5es de trabalho de m\u00fasicos"},"content":{"rendered":"<p>A Comiss\u00e3o de Educa\u00e7\u00e3o, Cultura e Desportos da Assembleia Legislativa da Para\u00edba (ALPB) promoveu reuni\u00e3o para debater o repasse de couvert art\u00edstico, al\u00e9m dos sal\u00e1rios e das condi\u00e7\u00f5es de trabalho dos m\u00fasicos regionais. O encontro reuniu parlamentares, m\u00fasicos e empres\u00e1rios de bares e restaurantes de Jo\u00e3o Pessoa.<\/p>\n<p>A proposta em discuss\u00e3o visa criar uma nova legisla\u00e7\u00e3o que beneficie os artistas, que se apresenta em estabelecimentos de entretenimento na Para\u00edba. Entre as medidas discutidas est\u00e1 a implementa\u00e7\u00e3o de um sistema de notifica\u00e7\u00f5es e delibera\u00e7\u00f5es para aqueles que n\u00e3o cumprem as novas diretrizes.<\/p>\n<p>De acordo com os planos apresentados, na primeira infra\u00e7\u00e3o, o estabelecimento ser\u00e1 notificado e multado em 14 Ufir, o equivalente a cerca de mil reais. Em caso de reincid\u00eancia, a multa aumentar\u00e1 para 28 Ufir e, na terceira ter\u00e7a-feira, para 56 Ufir. Os participantes concordaram em marcar uma nova reuni\u00e3o para discutir outros pontos relevantes que possam ser inclu\u00eddos na proposta legislativa.<\/p>\n","protected":false},"excerpt":{"rendered":"<p>A Comiss\u00e3o de Educa\u00e7\u00e3o, Cultura e Desportos da Assembleia Legislativa da Para\u00edba (ALPB) promoveu reuni\u00e3o para debater o repasse de couvert art\u00edstico, al\u00e9m dos sal\u00e1rios e das condi\u00e7\u00f5es de trabalho dos m\u00fasicos regionais. O encontro reuniu parlamentares, m\u00fasicos e empres\u00e1rios de bares e restaurantes de Jo\u00e3o Pessoa. A proposta em discuss\u00e3o visa criar uma nova &hellip;<\/p>\n","protected":false},"author":1,"featured_media":115221,"comment_status":"open","ping_status":"open","sticky":false,"template":"","format":"standard","meta":{"footnotes":""},"categories":[3],"tags":[],"class_list":["post-135026","post","type-post","status-publish","format-standard","has-post-thumbnail","hentry","category-nordeste"],"_links":{"self":[{"href":"https:\/\/iparaiba.com.br\/index.php\/wp-json\/wp\/v2\/posts\/135026","targetHints":{"allow":["GET"]}}],"collection":[{"href":"https:\/\/iparaiba.com.br\/index.php\/wp-json\/wp\/v2\/posts"}],"about":[{"href":"https:\/\/iparaiba.com.br\/index.php\/wp-json\/wp\/v2\/types\/post"}],"author":[{"embeddable":true,"href":"https:\/\/iparaiba.com.br\/index.php\/wp-json\/wp\/v2\/users\/1"}],"replies":[{"embeddable":true,"href":"https:\/\/iparaiba.com.br\/index.php\/wp-json\/wp\/v2\/comments?post=135026"}],"version-history":[{"count":0,"href":"https:\/\/iparaiba.com.br\/index.php\/wp-json\/wp\/v2\/posts\/135026\/revisions"}],"wp:featuredmedia":[{"embeddable":true,"href":"https:\/\/iparaiba.com.br\/index.php\/wp-json\/wp\/v2\/media\/115221"}],"wp:attachment":[{"href":"https:\/\/iparaiba.com.br\/index.php\/wp-json\/wp\/v2\/media?parent=135026"}],"wp:term":[{"taxonomy":"category","embeddable":true,"href":"https:\/\/iparaiba.com.br\/index.php\/wp-json\/wp\/v2\/categories?post=135026"},{"taxonomy":"post_tag","embeddable":true,"href":"https:\/\/iparaiba.com.br\/index.php\/wp-json\/wp\/v2\/tags?post=135026"}],"curies":[{"name":"wp","href":"https:\/\/api.w.org\/{rel}","templated":true}]}}